{"id":4162,"date":"2022-03-31T11:07:10","date_gmt":"2022-03-31T15:07:10","guid":{"rendered":"http:\/\/radioprimiciapelluhue.cl\/?p=4162"},"modified":"2022-03-31T11:07:11","modified_gmt":"2022-03-31T15:07:11","slug":"gobernadora-cristina-bravo-impulso-expo-artesanos-en-pelarco%ef%bf%bc","status":"publish","type":"post","link":"https:\/\/radioprimiciapelluhue.cl\/?p=4162","title":{"rendered":"GOBERNADORA CRISTINA BRAVO IMPULS\u00d3 EXPO ARTESANOS EN PELARCO\ufffc"},"content":{"rendered":"\n<p>Durante tres d\u00edas la comuna de Pelarco fue sede de una muestra de emprendimiento que congreg\u00f3 a m\u00e1s de 30 expositores que preservan el patrimonio cultural y tradiciones del Maule. Esta iniciativa de la Gobernadora Regional, Cristina Bravo, se enmarca en los ciclos de visibilizaci\u00f3n para que los emprendedores y emprendedoras puedan reactivar la comercializaci\u00f3n de sus productos, y es ejecutada por medio de la Corporaci\u00f3n Regional de Desarrollo Productivo (CRDP Maule).<\/p>\n\n\n\n<p>Esta Expo Artesanos de Pelarco busc\u00f3 resaltar el gran trabajo de los artesanos y sus creaciones, las que representan diversas culturas y tradiciones de distintas comunas. Al respecto la Gobernadora y presidenta de CRDP Maule, Cristina Bravo Castro, se\u00f1al\u00f3 que \u201chemos hecho un trabajo importante para fortalecer y potenciar el fomento productivo de la mano de nuestra identidad regional, abarcando tambi\u00e9n las comunas rurales, generando v\u00ednculos para dar a conocer la regi\u00f3n y su gente\u201d.<\/p>\n\n\n\n<p><strong>Market Maule<\/strong><\/p>\n\n\n\n<p>Entre los expositores encontramos a Jos\u00e9 Luis Gonz\u00e1lez Armijo, artesano que se dedica al tallado en piedra en la comuna de Pelarco, quien coment\u00f3 la importancia de participar en este tipo de instancias dado que \u201cen general para todos los emprendedores y artesanos de la regi\u00f3n es bueno. Ojal\u00e1 sigan abri\u00e9ndose espacios as\u00ed para llevar nuestros productos y as\u00ed subsistir, porque de esto vivimos\u201d.<\/p>\n\n\n\n<p>A pesar de lo dif\u00edcil de la pandemia, afirm\u00f3 que las plataformas digitales regionales lo han ayudado. \u201c\u00daltimamente a trav\u00e9s de Market Maule me contactaron para hacer un mortero de 40 cent\u00edmetros para Punta Arenas, tengo que hacerlo y mandarlo\u201d indic\u00f3 el artesano.<\/p>\n\n\n\n<p><strong>Emprendedora<\/strong><\/p>\n\n\n\n<p>Por su parte, Luz Guajardo, artesana pelarquina, quien empez\u00f3 su emprendimiento durante la pandemia llamado \u201cMadre M\u00eda\u201d, asegur\u00f3 que \u201cesto es maravilloso para los emprendedores, para que cada persona pueda mostrar su emprendimiento. Hay muchos artesanos ac\u00e1 en Pelarco y en los alrededores y estas son instancias que son muy valorables para los emprendedores. Me ha entregado satisfacci\u00f3n saber que mi trabajo le gusta a las mujeres, que se les ve tan bonito, y que todav\u00eda uno, siendo adulto mayor, tiene estos talentos\u201d.<\/p>\n\n\n\n<p>Esta expo-artesanos cont\u00f3 adem\u00e1s con el apoyo de la Corporaci\u00f3n Cultural de Pelarco.<\/p>\n\n\n\n<figure class=\"wp-block-image size-large\"><a href=\"http:\/\/radioprimiciapelluhue.cl\/wp-content\/uploads\/2022\/03\/WhatsApp-Image-2022-03-31-at-12.05.36-PM.jpeg\"><img loading=\"lazy\" decoding=\"async\" width=\"1024\" height=\"576\" src=\"http:\/\/radioprimiciapelluhue.cl\/wp-content\/uploads\/2022\/03\/WhatsApp-Image-2022-03-31-at-12.05.36-PM-1024x576.jpeg\" alt=\"\" class=\"wp-image-4163\" srcset=\"https:\/\/radioprimiciapelluhue.cl\/wp-content\/uploads\/2022\/03\/WhatsApp-Image-2022-03-31-at-12.05.36-PM-1024x576.jpeg 1024w, https:\/\/radioprimiciapelluhue.cl\/wp-content\/uploads\/2022\/03\/WhatsApp-Image-2022-03-31-at-12.05.36-PM-300x169.jpeg 300w, https:\/\/radioprimiciapelluhue.cl\/wp-content\/uploads\/2022\/03\/WhatsApp-Image-2022-03-31-at-12.05.36-PM-768x432.jpeg 768w, https:\/\/radioprimiciapelluhue.cl\/wp-content\/uploads\/2022\/03\/WhatsApp-Image-2022-03-31-at-12.05.36-PM-727x409.jpeg 727w, https:\/\/radioprimiciapelluhue.cl\/wp-content\/uploads\/2022\/03\/WhatsApp-Image-2022-03-31-at-12.05.36-PM-1110x624.jpeg 1110w, https:\/\/radioprimiciapelluhue.cl\/wp-content\/uploads\/2022\/03\/WhatsApp-Image-2022-03-31-at-12.05.36-PM-720x406.jpeg 720w, https:\/\/radioprimiciapelluhue.cl\/wp-content\/uploads\/2022\/03\/WhatsApp-Image-2022-03-31-at-12.05.36-PM-750x422.jpeg 750w, https:\/\/radioprimiciapelluhue.cl\/wp-content\/uploads\/2022\/03\/WhatsApp-Image-2022-03-31-at-12.05.36-PM.jpeg 1280w\" sizes=\"auto, (max-width: 1024px) 100vw, 1024px\" \/><\/a><\/figure>\n","protected":false},"excerpt":{"rendered":"<p>Durante tres d\u00edas la comuna de Pelarco fue sede de una muestra de emprendimiento que congreg\u00f3 a m\u00e1s de 30 expositores que preservan el patrimonio cultural y tradiciones del Maule. Esta iniciativa de la Gobernadora Regional, Cristina Bravo, se enmarca en los ciclos de visibilizaci\u00f3n para que los emprendedores y emprendedoras puedan reactivar la comercializaci\u00f3n [&hellip;]<\/p>\n","protected":false},"author":2,"featured_media":4164,"comment_status":"closed","ping_status":"closed","sticky":false,"template":"","format":"standard","meta":{"footnotes":""},"categories":[65],"tags":[],"class_list":["post-4162","post","type-post","status-publish","format-standard","has-post-thumbnail","hentry","category-cultura"],"_links":{"self":[{"href":"https:\/\/radioprimiciapelluhue.cl\/index.php?rest_route=\/wp\/v2\/posts\/4162","targetHints":{"allow":["GET"]}}],"collection":[{"href":"https:\/\/radioprimiciapelluhue.cl\/index.php?rest_route=\/wp\/v2\/posts"}],"about":[{"href":"https:\/\/radioprimiciapelluhue.cl\/index.php?rest_route=\/wp\/v2\/types\/post"}],"author":[{"embeddable":true,"href":"https:\/\/radioprimiciapelluhue.cl\/index.php?rest_route=\/wp\/v2\/users\/2"}],"replies":[{"embeddable":true,"href":"https:\/\/radioprimiciapelluhue.cl\/index.php?rest_route=%2Fwp%2Fv2%2Fcomments&post=4162"}],"version-history":[{"count":1,"href":"https:\/\/radioprimiciapelluhue.cl\/index.php?rest_route=\/wp\/v2\/posts\/4162\/revisions"}],"predecessor-version":[{"id":4165,"href":"https:\/\/radioprimiciapelluhue.cl\/index.php?rest_route=\/wp\/v2\/posts\/4162\/revisions\/4165"}],"wp:featuredmedia":[{"embeddable":true,"href":"https:\/\/radioprimiciapelluhue.cl\/index.php?rest_route=\/wp\/v2\/media\/4164"}],"wp:attachment":[{"href":"https:\/\/radioprimiciapelluhue.cl\/index.php?rest_route=%2Fwp%2Fv2%2Fmedia&parent=4162"}],"wp:term":[{"taxonomy":"category","embeddable":true,"href":"https:\/\/radioprimiciapelluhue.cl\/index.php?rest_route=%2Fwp%2Fv2%2Fcategories&post=4162"},{"taxonomy":"post_tag","embeddable":true,"href":"https:\/\/radioprimiciapelluhue.cl\/index.php?rest_route=%2Fwp%2Fv2%2Ftags&post=4162"}],"curies":[{"name":"wp","href":"https:\/\/api.w.org\/{rel}","templated":true}]}}