{"id":4167,"date":"2022-04-07T21:02:12","date_gmt":"2022-04-08T01:02:12","guid":{"rendered":"http:\/\/radioprimiciapelluhue.cl\/?p=4167"},"modified":"2022-04-07T21:02:12","modified_gmt":"2022-04-08T01:02:12","slug":"senadora-rincon-chile-enfrenta-una-situacion-de-riesgo-alimentario-real-y-concreta","status":"publish","type":"post","link":"https:\/\/radioprimiciapelluhue.cl\/?p=4167","title":{"rendered":"Senadora Rinc\u00f3n: \u201cChile enfrenta una situaci\u00f3n de riesgo alimentario real y concreta\u201d"},"content":{"rendered":"\n<p>Parlamentaria dijo que disminuci\u00f3n de hect\u00e1reas destinadas a cereales, hortalizas y legumbres hoy es parte de un c\u00f3ctel perfecto que incluye aumento desmedido en el precio de insumos, falta de mano de obra y escasez h\u00eddrica. \u201cDepender terceros pa\u00edses para la alimentaci\u00f3n de nuestras familias es un problema complejo\u201d, asegur\u00f3 la parlamentaria<\/p>\n\n\n\n<p>La necesidad de adoptar las medidas necesarias para enfrentar la situaci\u00f3n de riesgo alimentario en que se encuentra Chile, plante\u00f3 al Ministro de Agricultura la Senadora por el Maule, Ximena Rinc\u00f3n Gonz\u00e1lez, quien enfatiz\u00f3 que la disminuci\u00f3n de hect\u00e1reas destinadas a cultivos como cereales, legumbres y hortalizas coloca al pa\u00eds en una situaci\u00f3n compleja.<\/p>\n\n\n\n<p>La legisladora dijo que mientras las hect\u00e1reas de cultivos frut\u00edcolas, &nbsp;que en varios territorios de Chile son una fuente de ingresos y una ventana al mundo, signific\u00f3 en la \u00faltima d\u00e9cada una disminuci\u00f3n de un 27 por ciento de las tierras destinadas a hortalizas, cereales y legumbres, lo que supone una situaci\u00f3n cr\u00edtica para nuestro pa\u00eds.<\/p>\n\n\n\n<p>\u201cEntrar a depender de terceros pa\u00edses en la alimentaci\u00f3n de los chilenos y chilenas es complejo. La baja en la superficie cultivadas de cereales, legumbres y hortalizas es peligrosa, pero si a eso se agrega que el alza desmedida de insumos, la falta de mano de obra y la crisis h\u00eddrica, estamos ante un c\u00f3ctel perfecto que pone a Chile en una situaci\u00f3n de riesgo alimentario real y concreta. Debemos trabajar para revertirla\u201d, dijo la parlamentaria.<\/p>\n\n\n\n<p>Agreg\u00f3 que junto al Senador Jos\u00e9 Garc\u00eda y el alcalde de Carahue, se reuni\u00f3 con el Ministro de Agricultura, Esteban Valenzuela, para plantearle esta realidad, que la ve de manera cotidiana en su trabajo en terreno con los agricultores del Maule.&nbsp;<\/p>\n\n\n\n<p>\u201cEl Ministro se comprometi\u00f3 a revisar la situaci\u00f3n y a poner en acci\u00f3n al ministerio con mayores fondos frente a una situaci\u00f3n que afecta con fuerza a las regiones m\u00e1s pobres de Chile, donde las familias no cuentan con recursos para pagar lo que hoy cuestan productos b\u00e1sicos de la canasta alimentaria\u201d, concluy\u00f3 la legisladora.<\/p>\n\n\n\n<figure class=\"wp-block-image size-large\"><a href=\"http:\/\/radioprimiciapelluhue.cl\/wp-content\/uploads\/2022\/04\/04-06-seguridad-alimentaria.jpeg\"><img loading=\"lazy\" decoding=\"async\" width=\"1024\" height=\"768\" src=\"http:\/\/radioprimiciapelluhue.cl\/wp-content\/uploads\/2022\/04\/04-06-seguridad-alimentaria-1024x768.jpeg\" alt=\"\" class=\"wp-image-4168\" srcset=\"https:\/\/radioprimiciapelluhue.cl\/wp-content\/uploads\/2022\/04\/04-06-seguridad-alimentaria-1024x768.jpeg 1024w, https:\/\/radioprimiciapelluhue.cl\/wp-content\/uploads\/2022\/04\/04-06-seguridad-alimentaria-300x225.jpeg 300w, https:\/\/radioprimiciapelluhue.cl\/wp-content\/uploads\/2022\/04\/04-06-seguridad-alimentaria-768x576.jpeg 768w, https:\/\/radioprimiciapelluhue.cl\/wp-content\/uploads\/2022\/04\/04-06-seguridad-alimentaria-1536x1152.jpeg 1536w, https:\/\/radioprimiciapelluhue.cl\/wp-content\/uploads\/2022\/04\/04-06-seguridad-alimentaria.jpeg 1600w\" sizes=\"auto, (max-width: 1024px) 100vw, 1024px\" \/><\/a><\/figure>\n","protected":false},"excerpt":{"rendered":"<p>Parlamentaria dijo que disminuci\u00f3n de hect\u00e1reas destinadas a cereales, hortalizas y legumbres hoy es parte de un c\u00f3ctel perfecto que incluye aumento desmedido en el precio de insumos, falta de mano de obra y escasez h\u00eddrica. \u201cDepender terceros pa\u00edses para la alimentaci\u00f3n de nuestras familias es un problema complejo\u201d, asegur\u00f3 la parlamentaria La necesidad de [&hellip;]<\/p>\n","protected":false},"author":2,"featured_media":3303,"comment_status":"closed","ping_status":"closed","sticky":false,"template":"","format":"standard","meta":{"footnotes":""},"categories":[60],"tags":[],"class_list":["post-4167","post","type-post","status-publish","format-standard","has-post-thumbnail","hentry","category-politica"],"_links":{"self":[{"href":"https:\/\/radioprimiciapelluhue.cl\/index.php?rest_route=\/wp\/v2\/posts\/4167","targetHints":{"allow":["GET"]}}],"collection":[{"href":"https:\/\/radioprimiciapelluhue.cl\/index.php?rest_route=\/wp\/v2\/posts"}],"about":[{"href":"https:\/\/radioprimiciapelluhue.cl\/index.php?rest_route=\/wp\/v2\/types\/post"}],"author":[{"embeddable":true,"href":"https:\/\/radioprimiciapelluhue.cl\/index.php?rest_route=\/wp\/v2\/users\/2"}],"replies":[{"embeddable":true,"href":"https:\/\/radioprimiciapelluhue.cl\/index.php?rest_route=%2Fwp%2Fv2%2Fcomments&post=4167"}],"version-history":[{"count":1,"href":"https:\/\/radioprimiciapelluhue.cl\/index.php?rest_route=\/wp\/v2\/posts\/4167\/revisions"}],"predecessor-version":[{"id":4169,"href":"https:\/\/radioprimiciapelluhue.cl\/index.php?rest_route=\/wp\/v2\/posts\/4167\/revisions\/4169"}],"wp:featuredmedia":[{"embeddable":true,"href":"https:\/\/radioprimiciapelluhue.cl\/index.php?rest_route=\/wp\/v2\/media\/3303"}],"wp:attachment":[{"href":"https:\/\/radioprimiciapelluhue.cl\/index.php?rest_route=%2Fwp%2Fv2%2Fmedia&parent=4167"}],"wp:term":[{"taxonomy":"category","embeddable":true,"href":"https:\/\/radioprimiciapelluhue.cl\/index.php?rest_route=%2Fwp%2Fv2%2Fcategories&post=4167"},{"taxonomy":"post_tag","embeddable":true,"href":"https:\/\/radioprimiciapelluhue.cl\/index.php?rest_route=%2Fwp%2Fv2%2Ftags&post=4167"}],"curies":[{"name":"wp","href":"https:\/\/api.w.org\/{rel}","templated":true}]}}