{"id":4189,"date":"2022-04-20T22:14:20","date_gmt":"2022-04-21T02:14:20","guid":{"rendered":"http:\/\/radioprimiciapelluhue.cl\/?p=4189"},"modified":"2022-04-20T22:14:21","modified_gmt":"2022-04-21T02:14:21","slug":"pdi-cauquenes-recupera-vehiculo-robado","status":"publish","type":"post","link":"https:\/\/radioprimiciapelluhue.cl\/?p=4189","title":{"rendered":"PDI CAUQUENES RECUPERA VEH\u00cdCULO ROBADO"},"content":{"rendered":"\n<p>Detectives de la Bicrim Cauquenes en circunstancias que realizaban diligencias en la comuna, el d\u00eda 18.ABR.022, mientras circulaban por calle Antonio Varas frente a la municipalidad de esta ciudad, se percataron de un autom\u00f3vil estacionado Marca Chevrolet modelo tracker, color gris, la que portaba una Placa Patente \u00danica alfanum\u00e9rica *Jzbr91*, la que llam\u00f3 la atenci\u00f3n de los oficiales policiales, por lo que al verificar dicha P.P.U. se percataron de forma notoria y espont\u00e1nea, que las Placas Patentes del veh\u00edculo anteriormente se\u00f1alado, *eran evidentemente falsas*, toda vez que se observ\u00f3 que no manten\u00edan los logotipos f\u00edlmicos del registro civil, y al apreciar con m\u00e1s detalles, se observ\u00f3 que las letras y los n\u00fameros estaban confeccionados de manera irregular.<\/p>\n\n\n\n<p>En raz\u00f3n a los indicio anteriormente se\u00f1alados, los Oficiales Investigadores procedieron a realizar un control de identidad investigativo a la persona que manifest\u00f3 estar a cargo del autom\u00f3vil y al consultar el n\u00famero identificatorio original del vin ubicado en el parabrisas, se constat\u00f3 que dicho veh\u00edculo manten\u00eda encargo por robo de veh\u00edculo motorizado, de la 20 Comisar\u00eda de Carabineros de Puente Alto.<\/p>\n\n\n\n<figure class=\"wp-block-image size-large\"><a href=\"http:\/\/radioprimiciapelluhue.cl\/wp-content\/uploads\/2022\/04\/278844190_2376862762453507_247764584182226484_n.jpg\"><img loading=\"lazy\" decoding=\"async\" width=\"1024\" height=\"576\" src=\"http:\/\/radioprimiciapelluhue.cl\/wp-content\/uploads\/2022\/04\/278844190_2376862762453507_247764584182226484_n-1024x576.jpg\" alt=\"\" class=\"wp-image-4190\" srcset=\"https:\/\/radioprimiciapelluhue.cl\/wp-content\/uploads\/2022\/04\/278844190_2376862762453507_247764584182226484_n-1024x576.jpg 1024w, https:\/\/radioprimiciapelluhue.cl\/wp-content\/uploads\/2022\/04\/278844190_2376862762453507_247764584182226484_n-300x169.jpg 300w, https:\/\/radioprimiciapelluhue.cl\/wp-content\/uploads\/2022\/04\/278844190_2376862762453507_247764584182226484_n-768x432.jpg 768w, https:\/\/radioprimiciapelluhue.cl\/wp-content\/uploads\/2022\/04\/278844190_2376862762453507_247764584182226484_n-1536x864.jpg 1536w, https:\/\/radioprimiciapelluhue.cl\/wp-content\/uploads\/2022\/04\/278844190_2376862762453507_247764584182226484_n-727x409.jpg 727w, https:\/\/radioprimiciapelluhue.cl\/wp-content\/uploads\/2022\/04\/278844190_2376862762453507_247764584182226484_n-1110x624.jpg 1110w, https:\/\/radioprimiciapelluhue.cl\/wp-content\/uploads\/2022\/04\/278844190_2376862762453507_247764584182226484_n-720x406.jpg 720w, https:\/\/radioprimiciapelluhue.cl\/wp-content\/uploads\/2022\/04\/278844190_2376862762453507_247764584182226484_n-750x422.jpg 750w, https:\/\/radioprimiciapelluhue.cl\/wp-content\/uploads\/2022\/04\/278844190_2376862762453507_247764584182226484_n.jpg 1600w\" sizes=\"auto, (max-width: 1024px) 100vw, 1024px\" \/><\/a><\/figure>\n","protected":false},"excerpt":{"rendered":"<p>Detectives de la Bicrim Cauquenes en circunstancias que realizaban diligencias en la comuna, el d\u00eda 18.ABR.022, mientras circulaban por calle Antonio Varas frente a la municipalidad de esta ciudad, se percataron de un autom\u00f3vil estacionado Marca Chevrolet modelo tracker, color gris, la que portaba una Placa Patente \u00danica alfanum\u00e9rica *Jzbr91*, la que llam\u00f3 la atenci\u00f3n [&hellip;]<\/p>\n","protected":false},"author":2,"featured_media":4191,"comment_status":"closed","ping_status":"closed","sticky":false,"template":"","format":"standard","meta":{"footnotes":""},"categories":[59],"tags":[],"class_list":["post-4189","post","type-post","status-publish","format-standard","has-post-thumbnail","hentry","category-policial"],"_links":{"self":[{"href":"https:\/\/radioprimiciapelluhue.cl\/index.php?rest_route=\/wp\/v2\/posts\/4189","targetHints":{"allow":["GET"]}}],"collection":[{"href":"https:\/\/radioprimiciapelluhue.cl\/index.php?rest_route=\/wp\/v2\/posts"}],"about":[{"href":"https:\/\/radioprimiciapelluhue.cl\/index.php?rest_route=\/wp\/v2\/types\/post"}],"author":[{"embeddable":true,"href":"https:\/\/radioprimiciapelluhue.cl\/index.php?rest_route=\/wp\/v2\/users\/2"}],"replies":[{"embeddable":true,"href":"https:\/\/radioprimiciapelluhue.cl\/index.php?rest_route=%2Fwp%2Fv2%2Fcomments&post=4189"}],"version-history":[{"count":1,"href":"https:\/\/radioprimiciapelluhue.cl\/index.php?rest_route=\/wp\/v2\/posts\/4189\/revisions"}],"predecessor-version":[{"id":4192,"href":"https:\/\/radioprimiciapelluhue.cl\/index.php?rest_route=\/wp\/v2\/posts\/4189\/revisions\/4192"}],"wp:featuredmedia":[{"embeddable":true,"href":"https:\/\/radioprimiciapelluhue.cl\/index.php?rest_route=\/wp\/v2\/media\/4191"}],"wp:attachment":[{"href":"https:\/\/radioprimiciapelluhue.cl\/index.php?rest_route=%2Fwp%2Fv2%2Fmedia&parent=4189"}],"wp:term":[{"taxonomy":"category","embeddable":true,"href":"https:\/\/radioprimiciapelluhue.cl\/index.php?rest_route=%2Fwp%2Fv2%2Fcategories&post=4189"},{"taxonomy":"post_tag","embeddable":true,"href":"https:\/\/radioprimiciapelluhue.cl\/index.php?rest_route=%2Fwp%2Fv2%2Ftags&post=4189"}],"curies":[{"name":"wp","href":"https:\/\/api.w.org\/{rel}","templated":true}]}}