{"id":4199,"date":"2022-04-20T23:07:03","date_gmt":"2022-04-21T03:07:03","guid":{"rendered":"http:\/\/radioprimiciapelluhue.cl\/?p=4199"},"modified":"2022-04-20T23:07:04","modified_gmt":"2022-04-21T03:07:04","slug":"con-gala-regional-se-celebrara-el-dia-internacional-de-la-danza-en-el-maule","status":"publish","type":"post","link":"https:\/\/radioprimiciapelluhue.cl\/?p=4199","title":{"rendered":"CON GALA REGIONAL SE CELEBRAR\u00c1 EL D\u00cdA INTERNACIONAL DE LA DANZA EN EL MAULE"},"content":{"rendered":"\n<ul class=\"wp-block-list\"><li><strong>El evento se realizar\u00e1 este s\u00e1bado 23 de abril, a las 18:00 horas, en el Teatro Regional del Maule. La entrada es liberada, previo retiro de invitaci\u00f3n en&nbsp;<a href=\"http:\/\/www.vivoticket.cl\/\" target=\"_blank\" rel=\"noreferrer noopener\">www.vivoticket.cl<\/a><\/strong><\/li><\/ul>\n\n\n\n<p>Diez agrupaciones, elencos, solistas y compa\u00f1\u00edas del Maule se dar\u00e1n cita el s\u00e1bado 23 de abril en el Teatro Regional del Maule, para celebrar el D\u00eda Internacional de la Danza. Ellos integrar\u00e1n la tradicional gala regional que, por motivos de la pandemia, no se pudo realizar durante estos dos \u00faltimos a\u00f1os, pero que ahora retoma con la misma fuerza de siempre.<\/p>\n\n\n\n<p>La Gala Regional de la Danza es organizada por el Ministerio de las Culturas, las Artes y el Patrimonio, la Mesa Regional de Danza del Maule y el Teatro Regional del Maule. Adem\u00e1s, cuenta con la colaboraci\u00f3n del Sindicato Nacional de Trabajadores Artistas de Danza (SINATTAD).<\/p>\n\n\n\n<p>\u00abComo Ministerio de las Culturas estamos muy felices de celebrar junto a bailarinas, bailarines, core\u00f3grafas y core\u00f3grafos el D\u00eda Internacional de la Danza. Queremos invitar a todas las maulinas y maulinos a que asistan a la gala, donde podr\u00e1n apreciar y conocer los distintos estilos y g\u00e9neros que, con tanto esfuerzo, dedicaci\u00f3n y cari\u00f1o, cultivan todas y todos quienes se dedican a la danza en la regi\u00f3n\u00bb, manifest\u00f3 la seremi de las Culturas del Maule, Carolina Loren V\u00e1squez.<\/p>\n\n\n\n<p>La autoridad explic\u00f3 que la entrada al evento de la Gala Regional es totalmente gratuita, previo retiro de invitaciones a trav\u00e9s de la plataforma&nbsp;<a href=\"http:\/\/www.vivoticket.cl\/\" target=\"_blank\" rel=\"noreferrer noopener\">www.vivoticket.cl<\/a>, boleter\u00eda electr\u00f3nica del Teatro Regional del Maule.<\/p>\n\n\n\n<p>La secretaria ejecutiva del TRM, Victoria Flores Monreal, tambi\u00e9n invit\u00f3 a la comunidad a esta actividad art\u00edstica: \u00abM\u00e1s de 60 exponentes de danza estar\u00e1n sobre nuestro escenario para compartir su trabajo con el p\u00fablico maulino. Esperamos que las personas lleguen en familia a disfrutar de esta muestra de expresi\u00f3n que pone en valor la disciplina de la danza en sus distintos formatos y estilos\u00bb, indic\u00f3.<\/p>\n\n\n\n<p>Programa<\/p>\n\n\n\n<p>La gala regional tendr\u00e1 una duraci\u00f3n aproximada de dos horas y contar\u00e1 en escena con la participaci\u00f3n de los siguientes elencos, agrupaciones y solistas: Antonia Paz \u00c1lvarez, Danzar para Volar, Academia de Danzas \u00c1rabes Zamia, Danza El Alma, Compa\u00f1\u00eda Danza Remolino Compa\u00f1\u00eda Dual Siete Nueve, Agrupaci\u00f3n Cultural M\u00e1gico Oriente, Ballet Folcl\u00f3rico Regional del Maule Bafore, Compa\u00f1\u00eda Antonia de Sevilla y Ballet Folcl\u00f3rico Estampa Maulina.<\/p>\n\n\n\n<p>Durante la jornada se entregar\u00e1n reconocimientos a las destacadas core\u00f3grafas y bailarinas de la regi\u00f3n, Mabel Henr\u00edquez (Curic\u00f3) y Mar\u00eda In\u00e9s Pacheco (San Rafael), por su aporte al desarrollo de la disciplina y del sector de las artes esc\u00e9nicas.<\/p>\n\n\n\n<p>CELEBRACIONES EN COMUNAS<\/p>\n\n\n\n<p>Se despleg\u00f3, adem\u00e1s, un proceso de colaboraci\u00f3n regional entre las distintas instituciones para las celebraciones del D\u00eda Internacional de la Danza en comunas fuera de la capital regional. Estas galas se realizar\u00e1n en el Teatro Municipal de Linares (jueves 28 de abril, 20:00 horas, organizada por la Mesa de Danza de Linares y la Corporaci\u00f3n Municipal de Linares); en el Teatro Provincial de Curic\u00f3 (viernes 29, 20:00 horas, organizada por la Mesa de Danza de Curic\u00f3 y la Corporaci\u00f3n Cultural de Curic\u00f3); y en la Villa San Hilario de Molina (s\u00e1bado 30, 16:00 horas, organizada por la Mesa de Danza de Molina y la Corporaci\u00f3n Municipal de Cultura de Molina).<\/p>\n\n\n\n<figure class=\"wp-block-image size-full\"><a href=\"http:\/\/radioprimiciapelluhue.cl\/wp-content\/uploads\/2022\/04\/32322629098_d9d93531b8_h-1024x683-1.jpg\"><img loading=\"lazy\" decoding=\"async\" width=\"1024\" height=\"683\" src=\"http:\/\/radioprimiciapelluhue.cl\/wp-content\/uploads\/2022\/04\/32322629098_d9d93531b8_h-1024x683-1.jpg\" alt=\"\" class=\"wp-image-4201\" srcset=\"https:\/\/radioprimiciapelluhue.cl\/wp-content\/uploads\/2022\/04\/32322629098_d9d93531b8_h-1024x683-1.jpg 1024w, https:\/\/radioprimiciapelluhue.cl\/wp-content\/uploads\/2022\/04\/32322629098_d9d93531b8_h-1024x683-1-300x200.jpg 300w, https:\/\/radioprimiciapelluhue.cl\/wp-content\/uploads\/2022\/04\/32322629098_d9d93531b8_h-1024x683-1-768x512.jpg 768w\" sizes=\"auto, (max-width: 1024px) 100vw, 1024px\" \/><\/a><\/figure>\n","protected":false},"excerpt":{"rendered":"<p>El evento se realizar\u00e1 este s\u00e1bado 23 de abril, a las 18:00 horas, en el Teatro Regional del Maule. La entrada es liberada, previo retiro de invitaci\u00f3n en&nbsp;www.vivoticket.cl Diez agrupaciones, elencos, solistas y compa\u00f1\u00edas del Maule se dar\u00e1n cita el s\u00e1bado 23 de abril en el Teatro Regional del Maule, para celebrar el D\u00eda Internacional [&hellip;]<\/p>\n","protected":false},"author":2,"featured_media":4200,"comment_status":"closed","ping_status":"closed","sticky":false,"template":"","format":"standard","meta":{"footnotes":""},"categories":[65],"tags":[],"class_list":["post-4199","post","type-post","status-publish","format-standard","has-post-thumbnail","hentry","category-cultura"],"_links":{"self":[{"href":"https:\/\/radioprimiciapelluhue.cl\/index.php?rest_route=\/wp\/v2\/posts\/4199","targetHints":{"allow":["GET"]}}],"collection":[{"href":"https:\/\/radioprimiciapelluhue.cl\/index.php?rest_route=\/wp\/v2\/posts"}],"about":[{"href":"https:\/\/radioprimiciapelluhue.cl\/index.php?rest_route=\/wp\/v2\/types\/post"}],"author":[{"embeddable":true,"href":"https:\/\/radioprimiciapelluhue.cl\/index.php?rest_route=\/wp\/v2\/users\/2"}],"replies":[{"embeddable":true,"href":"https:\/\/radioprimiciapelluhue.cl\/index.php?rest_route=%2Fwp%2Fv2%2Fcomments&post=4199"}],"version-history":[{"count":1,"href":"https:\/\/radioprimiciapelluhue.cl\/index.php?rest_route=\/wp\/v2\/posts\/4199\/revisions"}],"predecessor-version":[{"id":4202,"href":"https:\/\/radioprimiciapelluhue.cl\/index.php?rest_route=\/wp\/v2\/posts\/4199\/revisions\/4202"}],"wp:featuredmedia":[{"embeddable":true,"href":"https:\/\/radioprimiciapelluhue.cl\/index.php?rest_route=\/wp\/v2\/media\/4200"}],"wp:attachment":[{"href":"https:\/\/radioprimiciapelluhue.cl\/index.php?rest_route=%2Fwp%2Fv2%2Fmedia&parent=4199"}],"wp:term":[{"taxonomy":"category","embeddable":true,"href":"https:\/\/radioprimiciapelluhue.cl\/index.php?rest_route=%2Fwp%2Fv2%2Fcategories&post=4199"},{"taxonomy":"post_tag","embeddable":true,"href":"https:\/\/radioprimiciapelluhue.cl\/index.php?rest_route=%2Fwp%2Fv2%2Ftags&post=4199"}],"curies":[{"name":"wp","href":"https:\/\/api.w.org\/{rel}","templated":true}]}}