{"id":4203,"date":"2022-04-20T23:09:54","date_gmt":"2022-04-21T03:09:54","guid":{"rendered":"http:\/\/radioprimiciapelluhue.cl\/?p=4203"},"modified":"2022-04-20T23:09:55","modified_gmt":"2022-04-21T03:09:55","slug":"teatro-regional-del-maule-lanza-la-segunda-version-de-soporte-a-la-creacion","status":"publish","type":"post","link":"https:\/\/radioprimiciapelluhue.cl\/?p=4203","title":{"rendered":"TEATRO REGIONAL DEL MAULE LANZA LA SEGUNDA VERSI\u00d3N DE SOPORTE A LA CREACI\u00d3N"},"content":{"rendered":"\n<ul class=\"wp-block-list\"><li>El fondo impulsado por el TRM se financia con parte del presupuesto que recibe la instituci\u00f3n del Gobierno Regional del Maule y busca el trabajo colaborativo con artistas y compa\u00f1\u00edas del Maule.<\/li><\/ul>\n\n\n\n<ul class=\"wp-block-list\"><li>Artistas, creadores y compa\u00f1\u00edas de la regi\u00f3n interesados pueden postular a trav\u00e9s de la p\u00e1gina web&nbsp;<a href=\"http:\/\/www.teatroregional.cl\/\" target=\"_blank\" rel=\"noreferrer noopener\">www.teatroregional.cl<\/a><\/li><\/ul>\n\n\n\n<p>El a\u00f1o pasado el Teatro Regional del Maule (TRM) present\u00f3 de forma in\u00e9dita su programa \u00abSoporte a la Creaci\u00f3n\u00bb, el cual ya ha cosechado sus primeros frutos, con el estreno de tres montajes maulinos (quedan tres por estrenar).&nbsp; La iniciativa busca impulsar el desarrollo de propuestas art\u00edsticas a trav\u00e9s del cofinanciamiento y la coproducci\u00f3n de proyectos esc\u00e9nicos y musicales.<\/p>\n\n\n\n<p>El programa se presenta como un soporte para las etapas de investigaci\u00f3n, desarrollo y creaci\u00f3n de proyectos de diversas disciplinas en el marco de las artes esc\u00e9nicas, finalizando en un montaje que ser\u00e1 parte de la cartelera art\u00edstica 2022- 2023 de la instituci\u00f3n cultural, para luego recorrer otros escenarios de la regi\u00f3n y el pa\u00eds.<\/p>\n\n\n\n<p>Victoria Flores, secretaria ejecutiva del TRM, afirm\u00f3 que \u00abes una instancia que iniciamos el a\u00f1o pasado y que tiene una buena evaluaci\u00f3n, por lo mismo decidimos repetirla este 2022. Es importante mencionar que adem\u00e1s del aporte econ\u00f3mico, nosotros los acompa\u00f1aremos en el proceso creativo, facilitamos mentores art\u00edsticos y t\u00e9cnicos, como tambi\u00e9n generaremos el v\u00ednculo con creadores nacionales, con el fin de enriquecer cada una de las propuestas\u00bb.<\/p>\n\n\n\n<p>El lunes 16 de mayo se cierra la convocatoria, luego de una evaluaci\u00f3n se seleccionar\u00e1n los proyectos que pasan a la fase de Pitch, la que se efectuar\u00e1 entre el 24 al 28 del mismo mes. Finalmente, el lunes 06 de junio se publicar\u00e1n los resultados del proceso.<\/p>\n\n\n\n<p>La secretaria ejecutiva especifica que \u00abla mesa curatorial estar\u00e1 compuesta por especialistas nacionales en danza, m\u00fasica, teatro, gesti\u00f3n y producci\u00f3n. Por lo tanto, los criterios de selecci\u00f3n tienen que ver con la originalidad, creatividad y la posibilidad de unir distintos lenguajes\u00bb.<\/p>\n\n\n\n<p>Este a\u00f1o el programa trabajar\u00e1 con cuatro proyectos esc\u00e9nicos, donde cada uno recibir\u00e1 un monto bruto de tres millones de pesos, junto con otros aportes no monetarios por parte del TRM, como mentor\u00edas, apoyo en producci\u00f3n, t\u00e9cnico, log\u00edstico y comunicacional. <a href=\"http:\/\/www.teatroregional.cl\/archivo\/15357\">http:\/\/www.teatroregional.cl\/archivo\/15357<\/a> <\/p>\n\n\n\n<figure class=\"wp-block-image size-full\"><a href=\"http:\/\/radioprimiciapelluhue.cl\/wp-content\/uploads\/2022\/04\/Colectivo-Maule-al-sur-1-1024x683-1.jpg\"><img loading=\"lazy\" decoding=\"async\" width=\"1024\" height=\"683\" src=\"http:\/\/radioprimiciapelluhue.cl\/wp-content\/uploads\/2022\/04\/Colectivo-Maule-al-sur-1-1024x683-1.jpg\" alt=\"\" class=\"wp-image-4204\" srcset=\"https:\/\/radioprimiciapelluhue.cl\/wp-content\/uploads\/2022\/04\/Colectivo-Maule-al-sur-1-1024x683-1.jpg 1024w, https:\/\/radioprimiciapelluhue.cl\/wp-content\/uploads\/2022\/04\/Colectivo-Maule-al-sur-1-1024x683-1-300x200.jpg 300w, https:\/\/radioprimiciapelluhue.cl\/wp-content\/uploads\/2022\/04\/Colectivo-Maule-al-sur-1-1024x683-1-768x512.jpg 768w\" sizes=\"auto, (max-width: 1024px) 100vw, 1024px\" \/><\/a><\/figure>\n","protected":false},"excerpt":{"rendered":"<p>El fondo impulsado por el TRM se financia con parte del presupuesto que recibe la instituci\u00f3n del Gobierno Regional del Maule y busca el trabajo colaborativo con artistas y compa\u00f1\u00edas del Maule. Artistas, creadores y compa\u00f1\u00edas de la regi\u00f3n interesados pueden postular a trav\u00e9s de la p\u00e1gina web&nbsp;www.teatroregional.cl El a\u00f1o pasado el Teatro Regional del [&hellip;]<\/p>\n","protected":false},"author":2,"featured_media":4204,"comment_status":"closed","ping_status":"closed","sticky":false,"template":"","format":"standard","meta":{"footnotes":""},"categories":[65],"tags":[],"class_list":["post-4203","post","type-post","status-publish","format-standard","has-post-thumbnail","hentry","category-cultura"],"_links":{"self":[{"href":"https:\/\/radioprimiciapelluhue.cl\/index.php?rest_route=\/wp\/v2\/posts\/4203","targetHints":{"allow":["GET"]}}],"collection":[{"href":"https:\/\/radioprimiciapelluhue.cl\/index.php?rest_route=\/wp\/v2\/posts"}],"about":[{"href":"https:\/\/radioprimiciapelluhue.cl\/index.php?rest_route=\/wp\/v2\/types\/post"}],"author":[{"embeddable":true,"href":"https:\/\/radioprimiciapelluhue.cl\/index.php?rest_route=\/wp\/v2\/users\/2"}],"replies":[{"embeddable":true,"href":"https:\/\/radioprimiciapelluhue.cl\/index.php?rest_route=%2Fwp%2Fv2%2Fcomments&post=4203"}],"version-history":[{"count":1,"href":"https:\/\/radioprimiciapelluhue.cl\/index.php?rest_route=\/wp\/v2\/posts\/4203\/revisions"}],"predecessor-version":[{"id":4205,"href":"https:\/\/radioprimiciapelluhue.cl\/index.php?rest_route=\/wp\/v2\/posts\/4203\/revisions\/4205"}],"wp:featuredmedia":[{"embeddable":true,"href":"https:\/\/radioprimiciapelluhue.cl\/index.php?rest_route=\/wp\/v2\/media\/4204"}],"wp:attachment":[{"href":"https:\/\/radioprimiciapelluhue.cl\/index.php?rest_route=%2Fwp%2Fv2%2Fmedia&parent=4203"}],"wp:term":[{"taxonomy":"category","embeddable":true,"href":"https:\/\/radioprimiciapelluhue.cl\/index.php?rest_route=%2Fwp%2Fv2%2Fcategories&post=4203"},{"taxonomy":"post_tag","embeddable":true,"href":"https:\/\/radioprimiciapelluhue.cl\/index.php?rest_route=%2Fwp%2Fv2%2Ftags&post=4203"}],"curies":[{"name":"wp","href":"https:\/\/api.w.org\/{rel}","templated":true}]}}