{"id":4206,"date":"2022-04-22T11:42:17","date_gmt":"2022-04-22T15:42:17","guid":{"rendered":"http:\/\/radioprimiciapelluhue.cl\/?p=4206"},"modified":"2022-04-22T11:42:18","modified_gmt":"2022-04-22T15:42:18","slug":"aporte-familiar-permanente","status":"publish","type":"post","link":"https:\/\/radioprimiciapelluhue.cl\/?p=4206","title":{"rendered":"Aporte Familiar Permanente"},"content":{"rendered":"\n<p><strong>\u00bfCu\u00e1ndo ingresar un reclamo?<\/strong><\/p>\n\n\n\n<p><strong>** Si considera que cumple con los requisitos y no aparece como beneficiario, o no est\u00e1 conforme con el monto recibido, puede apelar ingresando a <a href=\"http:\/\/www.aportefamiliar.cl\">www.aportefamiliar.cl<\/a><\/strong><\/p>\n\n\n\n<p>El Instituto de Previsi\u00f3n Social (IPS) informa que existe un a\u00f1o de plazo, a contar del 15 de marzo de 2022, para reclamar el derecho al Aporte familiar Permanente (ex Bono Marzo), en caso de no haberlo recibido.<\/p>\n\n\n\n<p>Es importante se\u00f1alar que este beneficio se asigna de manera autom\u00e1tica a quienes cumplen los requisitos, sin necesidad de solicitudes o postulaciones. Pero, en el caso puntual de personas que crean cumplir con los requisitos, y que a\u00fan no aparezcan en las n\u00f3minas de beneficiarios o si aparecen con menos cargas familiares de las que les corresponden, pueden ingresar su reclamo en el mismo sitio www.aportefamiliar.cl al consultar con su RUN y fecha de nacimiento.<\/p>\n\n\n\n<p>El Aporte familiar Permanente es una ayuda econ\u00f3mica que entrega el Estado a las familias de menores ingresos y este a\u00f1o 2022 espera llegar a m\u00e1s de un mill\u00f3n 600 mil familias. El beneficio se comenz\u00f3 a pagar en febrero y hay 9 meses de plazo para cobrarlo.<\/p>\n\n\n\n<p>Recordemos que, para acceder al Aporte Familiar es necesario que a diciembre del a\u00f1o 2021 la persona haya estado recibiendo Subsidio Familiar, pagos por Asignaci\u00f3n Familiar o Maternal o haber pertenecido al Subsistema de Seguridades y Oportunidades (Ingreso \u00c9tico Familiar) o a Chile Solidario.<\/p>\n\n\n\n<p><strong>\u00bf<\/strong><strong>C\u00f3mo hacer un reclamo?<\/strong><\/p>\n\n\n\n<p>Si se cumplen las condiciones antes descritas, para hacer un reclamo, las personas deben ingresar a www.aportefamiliar.cl, consultar con su RUN y fecha de nacimiento. Luego de desplegarse la informaci\u00f3n como respuesta a la consulta, se debe acceder a la opci\u00f3n \u201cReclamos\u201d para ingresarlo.<\/p>\n\n\n\n<p><strong>\u00bfQu\u00e9 plazo tengo para hacer un reclamo?<\/strong><\/p>\n\n\n\n<p>Las personas tienen como m\u00e1ximo un a\u00f1o para ingresar un reclamo a partir del 15 de marzo de 2022.<\/p>\n\n\n\n<p><strong>\u00bfQu\u00e9 otros aspectos debo tener en cuenta?<\/strong><\/p>\n\n\n\n<p>Luego de ingresar el reclamo en www.aportefamiliar.cl, se debe verificar lo siguiente:<\/p>\n\n\n\n<ul class=\"wp-block-list\"><li>Que las cargas familiares est\u00e9n regularizadas al 31 de diciembre de 2021. Para conocer esta informaci\u00f3n, se debe consultar en la caja de compensaci\u00f3n o entidad que administra las cargas familiares. En caso de no saberlo, es conveniente que lo averig\u00fce con su empleador.<\/li><\/ul>\n\n\n\n<ul class=\"wp-block-list\"><li>Si las cargas familiares se regularizan de forma retroactiva, la persona podr\u00eda acceder al Aporte Familiar Permanente 2022, s\u00f3lo si las Asignaciones Familiares han sido debidamente pagadas y compensadas. Recuerde que es obligaci\u00f3n del empleador pagar y compensar las Asignaciones Familiares para poder recibir el Aporte Familiar Permanente 2022.<\/li><\/ul>\n\n\n\n<ul class=\"wp-block-list\"><li>Finalmente, es tan importarte verificar lo anteriormente descrito, como ingresar el reclamo en www.aportefamiliar.cl, para que pueda ser incluido en las pr\u00f3ximas n\u00f3minas de pago, una vez regularizada la situaci\u00f3n que dio origen al problema.<\/li><\/ul>\n\n\n\n<p>Para m\u00e1s informaci\u00f3n y consultas, el Instituto de Previsi\u00f3n Social ha dispuesto los siguientes canales de atenci\u00f3n: \u00a0los sitios www.aportefamiliar.cl y www.chileatiende.cl, el Call Center 101 (opci\u00f3n 1) y las redes sociales ChileAtiende en Facebook, Twitter e Instagram.<\/p>\n\n\n\n<figure class=\"wp-block-image size-large\"><a href=\"http:\/\/radioprimiciapelluhue.cl\/wp-content\/uploads\/2022\/04\/Aporte.jpg\"><img loading=\"lazy\" decoding=\"async\" width=\"1024\" height=\"788\" src=\"http:\/\/radioprimiciapelluhue.cl\/wp-content\/uploads\/2022\/04\/Aporte-1024x788.jpg\" alt=\"\" class=\"wp-image-4207\" srcset=\"https:\/\/radioprimiciapelluhue.cl\/wp-content\/uploads\/2022\/04\/Aporte-1024x788.jpg 1024w, https:\/\/radioprimiciapelluhue.cl\/wp-content\/uploads\/2022\/04\/Aporte-300x231.jpg 300w, https:\/\/radioprimiciapelluhue.cl\/wp-content\/uploads\/2022\/04\/Aporte-768x591.jpg 768w, https:\/\/radioprimiciapelluhue.cl\/wp-content\/uploads\/2022\/04\/Aporte-1536x1182.jpg 1536w, https:\/\/radioprimiciapelluhue.cl\/wp-content\/uploads\/2022\/04\/Aporte-2048x1576.jpg 2048w\" sizes=\"auto, (max-width: 1024px) 100vw, 1024px\" \/><\/a><\/figure>\n","protected":false},"excerpt":{"rendered":"<p>\u00bfCu\u00e1ndo ingresar un reclamo? ** Si considera que cumple con los requisitos y no aparece como beneficiario, o no est\u00e1 conforme con el monto recibido, puede apelar ingresando a www.aportefamiliar.cl El Instituto de Previsi\u00f3n Social (IPS) informa que existe un a\u00f1o de plazo, a contar del 15 de marzo de 2022, para reclamar el derecho [&hellip;]<\/p>\n","protected":false},"author":2,"featured_media":4208,"comment_status":"closed","ping_status":"closed","sticky":false,"template":"","format":"standard","meta":{"footnotes":""},"categories":[61],"tags":[],"class_list":["post-4206","post","type-post","status-publish","format-standard","has-post-thumbnail","hentry","category-informativo"],"_links":{"self":[{"href":"https:\/\/radioprimiciapelluhue.cl\/index.php?rest_route=\/wp\/v2\/posts\/4206","targetHints":{"allow":["GET"]}}],"collection":[{"href":"https:\/\/radioprimiciapelluhue.cl\/index.php?rest_route=\/wp\/v2\/posts"}],"about":[{"href":"https:\/\/radioprimiciapelluhue.cl\/index.php?rest_route=\/wp\/v2\/types\/post"}],"author":[{"embeddable":true,"href":"https:\/\/radioprimiciapelluhue.cl\/index.php?rest_route=\/wp\/v2\/users\/2"}],"replies":[{"embeddable":true,"href":"https:\/\/radioprimiciapelluhue.cl\/index.php?rest_route=%2Fwp%2Fv2%2Fcomments&post=4206"}],"version-history":[{"count":1,"href":"https:\/\/radioprimiciapelluhue.cl\/index.php?rest_route=\/wp\/v2\/posts\/4206\/revisions"}],"predecessor-version":[{"id":4209,"href":"https:\/\/radioprimiciapelluhue.cl\/index.php?rest_route=\/wp\/v2\/posts\/4206\/revisions\/4209"}],"wp:featuredmedia":[{"embeddable":true,"href":"https:\/\/radioprimiciapelluhue.cl\/index.php?rest_route=\/wp\/v2\/media\/4208"}],"wp:attachment":[{"href":"https:\/\/radioprimiciapelluhue.cl\/index.php?rest_route=%2Fwp%2Fv2%2Fmedia&parent=4206"}],"wp:term":[{"taxonomy":"category","embeddable":true,"href":"https:\/\/radioprimiciapelluhue.cl\/index.php?rest_route=%2Fwp%2Fv2%2Fcategories&post=4206"},{"taxonomy":"post_tag","embeddable":true,"href":"https:\/\/radioprimiciapelluhue.cl\/index.php?rest_route=%2Fwp%2Fv2%2Ftags&post=4206"}],"curies":[{"name":"wp","href":"https:\/\/api.w.org\/{rel}","templated":true}]}}