{"id":4223,"date":"2022-04-25T11:18:21","date_gmt":"2022-04-25T15:18:21","guid":{"rendered":"http:\/\/radioprimiciapelluhue.cl\/?p=4223"},"modified":"2022-04-25T11:18:21","modified_gmt":"2022-04-25T15:18:21","slug":"exitoso-inicio-del-programa-recreos-musicales-2022","status":"publish","type":"post","link":"https:\/\/radioprimiciapelluhue.cl\/?p=4223","title":{"rendered":"EXITOSO INICIO DEL PROGRAMA RECREOS MUSICALES 2022"},"content":{"rendered":"\n<ul class=\"wp-block-list\"><li>La iniciativa impulsada por el Teatro Regional del Maule busca acercar la m\u00fasica cl\u00e1sica a estudiantes en sus respectivos recintos educacionales.<\/li><\/ul>\n\n\n\n<figure class=\"wp-block-embed is-type-video is-provider-youtube wp-block-embed-youtube wp-embed-aspect-16-9 wp-has-aspect-ratio\"><div class=\"wp-block-embed__wrapper\">\n<iframe loading=\"lazy\" title=\"Recreos Musicales -Ensamble de Vientos en Pelarco\" width=\"727\" height=\"409\" src=\"https:\/\/www.youtube.com\/embed\/WFFbGYsks84?feature=oembed\" frameborder=\"0\" allow=\"accelerometer; autoplay; clipboard-write; encrypted-media; gyroscope; picture-in-picture\" allowfullscreen><\/iframe>\n<\/div><\/figure>\n\n\n\n<p>Estudiantes de Pelarco, Villa Alegre y Talca, disfrutaron de la primera semana de intervenciones art\u00edsticas desarrolladas en el marco del programa \u201cRecreos Musicales\u201d, iniciativa impulsada por el Teatro Regional del Maule (TRM) y que tiene a los miembros de su Orquesta Cl\u00e1sica del Maule como los protagonistas, pero en formatos m\u00e1s peque\u00f1os, es decir, ensambles de cuatro o cinco integrantes.<\/p>\n\n\n\n<p>Recreos Musicales es una propuesta de intervenciones art\u00edsticas con un repertorio cl\u00e1sico en escuelas, colegios y liceos que inici\u00f3 en 2021 y que este a\u00f1o pretende retomar su calendario de actividades, debido a la buena recepci\u00f3n por parte de la comunidad estudiantil.<\/p>\n\n\n\n<p>La primera semana -del 19 al 21 de abril- contempl\u00f3 cinco conciertos del ensamble de vientos en el Colegio Pablo Correa Montt, Liceo de Pelarco, Escuela P\u00fablica Hern\u00e1n Lobos Arias de Villa Alegre y Escuela B\u00e1sica Puertas Negras.<\/p>\n\n\n\n<p>Esta semana- entre el marte 26 al jueves 28 de abril- un ensamble de cuerdas de dos violines, una viola y un violoncello, recorrer\u00e1 la Escuela Ram\u00f3n Belmar Sald\u00edas y Liceo Valent\u00edn Letelier Madariaga en Linares; Escuela Monse\u00f1or Manuel Larra\u00edn y Escuela de la Huerta de Mataquito en Huala\u00f1\u00e9; y Escuela Arturo Pratt y Escuela San Clemente, de la comuna de San Clemente.<\/p>\n\n\n\n<p>Amanda Balbont\u00edn, alumna de s\u00e9ptimo b\u00e1sico del Colegio Pablo Correa Montt de Pelarco, confes\u00f3 nunca haber presenciado este tipo de expresi\u00f3n musical, lo que la sorprendi\u00f3 gratamente. \u201cMe gust\u00f3 porque podemos aprender m\u00e1s de la m\u00fasica y los instrumentos\u201d mencion\u00f3.<\/p>\n\n\n\n<p>Un pensamiento similar tiene Danae Bueno, que cursa octavo b\u00e1sico en la Escuela P\u00fablica Hern\u00e1n Lobos Arias de Villa Alegre. \u201cLos felicito, porque pude aprender mucho sobre los distintos instrumentos, me gust\u00f3 mucho\u201d.<\/p>\n\n\n\n<p>Mauricio Morales S\u00e1nchez, director de la escuela Hern\u00e1n Lobos Arias, resalt\u00f3 el impacto en el aprendizaje de los j\u00f3venes, pero tambi\u00e9n sobre la significancia emocional que tiene la intervenci\u00f3n art\u00edstica. &nbsp;\u201cNos parece una instancia importante, porque permite que estudiantes de los colegios m\u00e1s vulnerables y apartados de las zonas urbanas m\u00e1s grandes, tengan la posibilidad de acercarse al mundo de la m\u00fasica, con toda la importancia que eso tiene\u201d.<\/p>\n\n\n\n<p>Por su parte el alcalde de Pelarco, Bernardo V\u00e1squez Bobadilla, felicit\u00f3 el trabajo de extensi\u00f3n que desarrolla el TRM. \u201cLa Orquesta Cl\u00e1sica, que es muy preciosa y grande, est\u00e1 acerc\u00e1ndose a los territorios, acerc\u00e1ndose a las escuelas, d\u00e1ndole esa m\u00edstica de que el alumno empiece a conocer no solamente los instrumentos, si no que el trabajo que desarrolla la orquesta\u201d.<\/p>\n\n\n\n<figure class=\"wp-block-image size-large\"><a href=\"http:\/\/radioprimiciapelluhue.cl\/wp-content\/uploads\/2022\/04\/unnamed-1.jpg\"><img loading=\"lazy\" decoding=\"async\" width=\"1024\" height=\"683\" src=\"http:\/\/radioprimiciapelluhue.cl\/wp-content\/uploads\/2022\/04\/unnamed-1-1024x683.jpg\" alt=\"\" class=\"wp-image-4224\" srcset=\"https:\/\/radioprimiciapelluhue.cl\/wp-content\/uploads\/2022\/04\/unnamed-1-1024x683.jpg 1024w, https:\/\/radioprimiciapelluhue.cl\/wp-content\/uploads\/2022\/04\/unnamed-1-300x200.jpg 300w, https:\/\/radioprimiciapelluhue.cl\/wp-content\/uploads\/2022\/04\/unnamed-1-768x512.jpg 768w, https:\/\/radioprimiciapelluhue.cl\/wp-content\/uploads\/2022\/04\/unnamed-1-1536x1025.jpg 1536w, https:\/\/radioprimiciapelluhue.cl\/wp-content\/uploads\/2022\/04\/unnamed-1.jpg 2048w\" sizes=\"auto, (max-width: 1024px) 100vw, 1024px\" \/><\/a><\/figure>\n","protected":false},"excerpt":{"rendered":"<p>La iniciativa impulsada por el Teatro Regional del Maule busca acercar la m\u00fasica cl\u00e1sica a estudiantes en sus respectivos recintos educacionales. Estudiantes de Pelarco, Villa Alegre y Talca, disfrutaron de la primera semana de intervenciones art\u00edsticas desarrolladas en el marco del programa \u201cRecreos Musicales\u201d, iniciativa impulsada por el Teatro Regional del Maule (TRM) y que [&hellip;]<\/p>\n","protected":false},"author":2,"featured_media":4225,"comment_status":"closed","ping_status":"closed","sticky":false,"template":"","format":"standard","meta":{"footnotes":""},"categories":[65],"tags":[],"class_list":["post-4223","post","type-post","status-publish","format-standard","has-post-thumbnail","hentry","category-cultura"],"_links":{"self":[{"href":"https:\/\/radioprimiciapelluhue.cl\/index.php?rest_route=\/wp\/v2\/posts\/4223","targetHints":{"allow":["GET"]}}],"collection":[{"href":"https:\/\/radioprimiciapelluhue.cl\/index.php?rest_route=\/wp\/v2\/posts"}],"about":[{"href":"https:\/\/radioprimiciapelluhue.cl\/index.php?rest_route=\/wp\/v2\/types\/post"}],"author":[{"embeddable":true,"href":"https:\/\/radioprimiciapelluhue.cl\/index.php?rest_route=\/wp\/v2\/users\/2"}],"replies":[{"embeddable":true,"href":"https:\/\/radioprimiciapelluhue.cl\/index.php?rest_route=%2Fwp%2Fv2%2Fcomments&post=4223"}],"version-history":[{"count":1,"href":"https:\/\/radioprimiciapelluhue.cl\/index.php?rest_route=\/wp\/v2\/posts\/4223\/revisions"}],"predecessor-version":[{"id":4226,"href":"https:\/\/radioprimiciapelluhue.cl\/index.php?rest_route=\/wp\/v2\/posts\/4223\/revisions\/4226"}],"wp:featuredmedia":[{"embeddable":true,"href":"https:\/\/radioprimiciapelluhue.cl\/index.php?rest_route=\/wp\/v2\/media\/4225"}],"wp:attachment":[{"href":"https:\/\/radioprimiciapelluhue.cl\/index.php?rest_route=%2Fwp%2Fv2%2Fmedia&parent=4223"}],"wp:term":[{"taxonomy":"category","embeddable":true,"href":"https:\/\/radioprimiciapelluhue.cl\/index.php?rest_route=%2Fwp%2Fv2%2Fcategories&post=4223"},{"taxonomy":"post_tag","embeddable":true,"href":"https:\/\/radioprimiciapelluhue.cl\/index.php?rest_route=%2Fwp%2Fv2%2Ftags&post=4223"}],"curies":[{"name":"wp","href":"https:\/\/api.w.org\/{rel}","templated":true}]}}