{"id":4227,"date":"2022-04-25T11:57:17","date_gmt":"2022-04-25T15:57:17","guid":{"rendered":"http:\/\/radioprimiciapelluhue.cl\/?p=4227"},"modified":"2022-04-25T12:00:34","modified_gmt":"2022-04-25T16:00:34","slug":"gira-por-la-verdad-llego-a-curico","status":"publish","type":"post","link":"https:\/\/radioprimiciapelluhue.cl\/?p=4227","title":{"rendered":"Gira por la Verdad lleg\u00f3 a Curic\u00f3"},"content":{"rendered":"\n<p>Liderada en esta ocasi\u00f3n por el diputado por el distrito 17, Benjam\u00edn Moreno, Mart\u00edn Arrau, constituyente y Jos\u00e9 Antonio Kast, director de acci\u00f3n republicana, lleg\u00f3 a la Regi\u00f3n del Maule la denominada \u00abGira por la Verdad\u00bb.<\/p>\n\n\n\n<p>Esta gira realizada por el Partido Republicano cuenta con un despliegue que contempla la visita a todas las regiones del pa\u00eds, con la participaci\u00f3n de parlamentarios, constituyentes y adem\u00e1s del excandidato presidencial, Jos\u00e9 Antonio Kast, para socializar con la ciudadan\u00eda los art\u00edculos que se han ido aprobando en la Convenci\u00f3n Constitucional.<\/p>\n\n\n\n<p>El constituyente, Mart\u00edn Arrau, explic\u00f3 que \u00abestamos recorriendo Chile, cont\u00e1ndole a la gente qu\u00e9 es lo que se pretende instaurar por esta convenci\u00f3n constitucional, con ideas bastante radicales, de dividir a Chile en una plurinaci\u00f3n, de tener diferentes sistemas de justicia, en fin de generar divisi\u00f3n en un proyecto com\u00fan, es un gran desperdicio, una gran oportunidad desperdiciada de haberle presentado a Chile precisamente un proyecto que es esperanza, que es futuro y eso es lo importante, que la gente se informe y tome una decisi\u00f3n y se haga cargo del futuro de Chile\u00bb.<\/p>\n\n\n\n<p>La iniciativa, que tuvo lugar en Curic\u00f3 y reuni\u00f3 a m\u00e1s de cien ciudadanos de la regi\u00f3n, seg\u00fan comentan, se da con la intenci\u00f3n de poder informar a la ciudadan\u00eda, ya que existe mucho desconocimiento sobre el trabajo que est\u00e1n haciendo y las materias que se est\u00e1n y no se est\u00e1n abordando.<\/p>\n\n\n\n<p>El director de Acci\u00f3n Ciudadana, Jos\u00e9 Antonio Kast, asegur\u00f3 que \u00abnosotros lo que queremos mostrar a la ciudadan\u00eda, es lo que hoy d\u00eda est\u00e1 ocurriendo en la convenci\u00f3n constituyente y c\u00f3mo han ido avanzando, en base a normas jur\u00eddicas que no se condicen con lo que es la realidad de progreso que requiere Chile. Aqu\u00ed lo que fue la elecci\u00f3n de los constituyentes ellos tuvieron un gran triunfo pero ese es un triunfo que requiere responsabilidad, responsabilidad que no han ejercido, ellos han querido usar su mayor\u00eda circunstancial para imponer normas que no permiten que esta sea una constituci\u00f3n de todos los chilenos\u00bb.<\/p>\n\n\n\n<p>Respecto a la actividad realizada en Curic\u00f3, el diputado, Benjam\u00edn Moreno, manifest\u00f3 que, \u00abtuvimos una extraordinaria convocatoria, alrededor de 150 personas, con muy buenas preguntas, con una muy buena exposici\u00f3n por parte de Mart\u00edn y por parte de Jos\u00e9 Antonio y yo creo que aqu\u00ed todos se van renovadas en las ganas de de trabajar por esta causa y es muy importante porque le estamos inyectando energ\u00eda y eso hace falta porque estas campa\u00f1as se sustentan en base a la m\u00edstica y al compromiso de las personas, no simplemente de los l\u00edderes pol\u00edticos, sino que las personas son el motor de cualquier campa\u00f1a y cualquier causa que queramos promover\u00bb. La Gira por la Verdad estar\u00e1 presente en cada una de las regiones del pa\u00eds, buscando informar a la ciudadan\u00eda sobre lo que se est\u00e1 escribiendo para sembrar las bases de nuestro pa\u00eds, haciendo un llamado a la ciudadan\u00eda a \u00abinformarse y ocuparse\u00bb, haci\u00e9ndose parte activa de esta campa\u00f1a informativa.<\/p>\n\n\n\n<figure class=\"wp-block-image size-large\"><a href=\"http:\/\/radioprimiciapelluhue.cl\/wp-content\/uploads\/2022\/04\/74D530F0-7F1C-4FE5-B814-78542A748CC1.jpg\"><img loading=\"lazy\" decoding=\"async\" width=\"1024\" height=\"1024\" src=\"http:\/\/radioprimiciapelluhue.cl\/wp-content\/uploads\/2022\/04\/74D530F0-7F1C-4FE5-B814-78542A748CC1-1024x1024.jpg\" alt=\"\" class=\"wp-image-4228\" srcset=\"https:\/\/radioprimiciapelluhue.cl\/wp-content\/uploads\/2022\/04\/74D530F0-7F1C-4FE5-B814-78542A748CC1-1024x1024.jpg 1024w, https:\/\/radioprimiciapelluhue.cl\/wp-content\/uploads\/2022\/04\/74D530F0-7F1C-4FE5-B814-78542A748CC1-300x300.jpg 300w, https:\/\/radioprimiciapelluhue.cl\/wp-content\/uploads\/2022\/04\/74D530F0-7F1C-4FE5-B814-78542A748CC1-150x150.jpg 150w, https:\/\/radioprimiciapelluhue.cl\/wp-content\/uploads\/2022\/04\/74D530F0-7F1C-4FE5-B814-78542A748CC1-768x767.jpg 768w, https:\/\/radioprimiciapelluhue.cl\/wp-content\/uploads\/2022\/04\/74D530F0-7F1C-4FE5-B814-78542A748CC1-520x520.jpg 520w, https:\/\/radioprimiciapelluhue.cl\/wp-content\/uploads\/2022\/04\/74D530F0-7F1C-4FE5-B814-78542A748CC1-800x800.jpg 800w, https:\/\/radioprimiciapelluhue.cl\/wp-content\/uploads\/2022\/04\/74D530F0-7F1C-4FE5-B814-78542A748CC1-120x120.jpg 120w, https:\/\/radioprimiciapelluhue.cl\/wp-content\/uploads\/2022\/04\/74D530F0-7F1C-4FE5-B814-78542A748CC1.jpg 1440w\" sizes=\"auto, (max-width: 1024px) 100vw, 1024px\" \/><\/a><\/figure>\n\n\n\n<figure class=\"wp-block-image size-large\"><a href=\"http:\/\/radioprimiciapelluhue.cl\/wp-content\/uploads\/2022\/04\/B3DBF745-87DB-4C7F-B8C4-B07B49FABFA5.jpg\"><img loading=\"lazy\" decoding=\"async\" width=\"1024\" height=\"1024\" src=\"http:\/\/radioprimiciapelluhue.cl\/wp-content\/uploads\/2022\/04\/B3DBF745-87DB-4C7F-B8C4-B07B49FABFA5-1024x1024.jpg\" alt=\"\" class=\"wp-image-4229\" srcset=\"https:\/\/radioprimiciapelluhue.cl\/wp-content\/uploads\/2022\/04\/B3DBF745-87DB-4C7F-B8C4-B07B49FABFA5-1024x1024.jpg 1024w, https:\/\/radioprimiciapelluhue.cl\/wp-content\/uploads\/2022\/04\/B3DBF745-87DB-4C7F-B8C4-B07B49FABFA5-300x300.jpg 300w, https:\/\/radioprimiciapelluhue.cl\/wp-content\/uploads\/2022\/04\/B3DBF745-87DB-4C7F-B8C4-B07B49FABFA5-150x150.jpg 150w, https:\/\/radioprimiciapelluhue.cl\/wp-content\/uploads\/2022\/04\/B3DBF745-87DB-4C7F-B8C4-B07B49FABFA5-768x768.jpg 768w, https:\/\/radioprimiciapelluhue.cl\/wp-content\/uploads\/2022\/04\/B3DBF745-87DB-4C7F-B8C4-B07B49FABFA5-520x520.jpg 520w, https:\/\/radioprimiciapelluhue.cl\/wp-content\/uploads\/2022\/04\/B3DBF745-87DB-4C7F-B8C4-B07B49FABFA5-800x800.jpg 800w, https:\/\/radioprimiciapelluhue.cl\/wp-content\/uploads\/2022\/04\/B3DBF745-87DB-4C7F-B8C4-B07B49FABFA5-120x120.jpg 120w, https:\/\/radioprimiciapelluhue.cl\/wp-content\/uploads\/2022\/04\/B3DBF745-87DB-4C7F-B8C4-B07B49FABFA5.jpg 1440w\" sizes=\"auto, (max-width: 1024px) 100vw, 1024px\" \/><\/a><\/figure>\n\n\n\n<figure class=\"wp-block-image size-large\"><a href=\"http:\/\/radioprimiciapelluhue.cl\/wp-content\/uploads\/2022\/04\/IMG_0224-scaled.jpg\"><img loading=\"lazy\" decoding=\"async\" width=\"1024\" height=\"768\" src=\"http:\/\/radioprimiciapelluhue.cl\/wp-content\/uploads\/2022\/04\/IMG_0224-1024x768.jpg\" alt=\"\" class=\"wp-image-4230\" srcset=\"https:\/\/radioprimiciapelluhue.cl\/wp-content\/uploads\/2022\/04\/IMG_0224-1024x768.jpg 1024w, https:\/\/radioprimiciapelluhue.cl\/wp-content\/uploads\/2022\/04\/IMG_0224-300x225.jpg 300w, https:\/\/radioprimiciapelluhue.cl\/wp-content\/uploads\/2022\/04\/IMG_0224-768x576.jpg 768w, https:\/\/radioprimiciapelluhue.cl\/wp-content\/uploads\/2022\/04\/IMG_0224-1536x1152.jpg 1536w, https:\/\/radioprimiciapelluhue.cl\/wp-content\/uploads\/2022\/04\/IMG_0224-2048x1536.jpg 2048w\" sizes=\"auto, (max-width: 1024px) 100vw, 1024px\" \/><\/a><\/figure>\n\n\n\n<figure class=\"wp-block-image size-large\"><a href=\"http:\/\/radioprimiciapelluhue.cl\/wp-content\/uploads\/2022\/04\/IMG_0255-scaled.jpg\"><img loading=\"lazy\" decoding=\"async\" width=\"1024\" height=\"768\" src=\"http:\/\/radioprimiciapelluhue.cl\/wp-content\/uploads\/2022\/04\/IMG_0255-1024x768.jpg\" alt=\"\" class=\"wp-image-4231\" srcset=\"https:\/\/radioprimiciapelluhue.cl\/wp-content\/uploads\/2022\/04\/IMG_0255-1024x768.jpg 1024w, https:\/\/radioprimiciapelluhue.cl\/wp-content\/uploads\/2022\/04\/IMG_0255-300x225.jpg 300w, https:\/\/radioprimiciapelluhue.cl\/wp-content\/uploads\/2022\/04\/IMG_0255-768x576.jpg 768w, https:\/\/radioprimiciapelluhue.cl\/wp-content\/uploads\/2022\/04\/IMG_0255-1536x1152.jpg 1536w, https:\/\/radioprimiciapelluhue.cl\/wp-content\/uploads\/2022\/04\/IMG_0255-2048x1536.jpg 2048w\" sizes=\"auto, (max-width: 1024px) 100vw, 1024px\" \/><\/a><\/figure>\n","protected":false},"excerpt":{"rendered":"<p>Liderada en esta ocasi\u00f3n por el diputado por el distrito 17, Benjam\u00edn Moreno, Mart\u00edn Arrau, constituyente y Jos\u00e9 Antonio Kast, director de acci\u00f3n republicana, lleg\u00f3 a la Regi\u00f3n del Maule la denominada \u00abGira por la Verdad\u00bb. Esta gira realizada por el Partido Republicano cuenta con un despliegue que contempla la visita a todas las regiones [&hellip;]<\/p>\n","protected":false},"author":2,"featured_media":4234,"comment_status":"closed","ping_status":"closed","sticky":false,"template":"","format":"standard","meta":{"footnotes":""},"categories":[60],"tags":[],"class_list":["post-4227","post","type-post","status-publish","format-standard","has-post-thumbnail","hentry","category-politica"],"_links":{"self":[{"href":"https:\/\/radioprimiciapelluhue.cl\/index.php?rest_route=\/wp\/v2\/posts\/4227","targetHints":{"allow":["GET"]}}],"collection":[{"href":"https:\/\/radioprimiciapelluhue.cl\/index.php?rest_route=\/wp\/v2\/posts"}],"about":[{"href":"https:\/\/radioprimiciapelluhue.cl\/index.php?rest_route=\/wp\/v2\/types\/post"}],"author":[{"embeddable":true,"href":"https:\/\/radioprimiciapelluhue.cl\/index.php?rest_route=\/wp\/v2\/users\/2"}],"replies":[{"embeddable":true,"href":"https:\/\/radioprimiciapelluhue.cl\/index.php?rest_route=%2Fwp%2Fv2%2Fcomments&post=4227"}],"version-history":[{"count":1,"href":"https:\/\/radioprimiciapelluhue.cl\/index.php?rest_route=\/wp\/v2\/posts\/4227\/revisions"}],"predecessor-version":[{"id":4233,"href":"https:\/\/radioprimiciapelluhue.cl\/index.php?rest_route=\/wp\/v2\/posts\/4227\/revisions\/4233"}],"wp:featuredmedia":[{"embeddable":true,"href":"https:\/\/radioprimiciapelluhue.cl\/index.php?rest_route=\/wp\/v2\/media\/4234"}],"wp:attachment":[{"href":"https:\/\/radioprimiciapelluhue.cl\/index.php?rest_route=%2Fwp%2Fv2%2Fmedia&parent=4227"}],"wp:term":[{"taxonomy":"category","embeddable":true,"href":"https:\/\/radioprimiciapelluhue.cl\/index.php?rest_route=%2Fwp%2Fv2%2Fcategories&post=4227"},{"taxonomy":"post_tag","embeddable":true,"href":"https:\/\/radioprimiciapelluhue.cl\/index.php?rest_route=%2Fwp%2Fv2%2Ftags&post=4227"}],"curies":[{"name":"wp","href":"https:\/\/api.w.org\/{rel}","templated":true}]}}