{"id":4235,"date":"2022-04-25T12:28:31","date_gmt":"2022-04-25T16:28:31","guid":{"rendered":"http:\/\/radioprimiciapelluhue.cl\/?p=4235"},"modified":"2022-04-25T12:28:32","modified_gmt":"2022-04-25T16:28:32","slug":"diputado-del-maule-sur-gustavo-benavente-pide-al-gobierno-bajar-los-impuestos-que-opinas","status":"publish","type":"post","link":"https:\/\/radioprimiciapelluhue.cl\/?p=4235","title":{"rendered":"\u00bfDiputado Del Maule sur Gustavo Benavente pide al Gobierno bajar los impuestos QUE OPINAS?"},"content":{"rendered":"\n<p>EN TIEMPOS DE CRISIS SE REQUIERE ACTUAR CON URGENCIA<\/p>\n\n\n\n<p>El gobierno de @gabrielboric ha anunciado un paquete de ayudas frente al alza de precios. Mas que ayudas, debiera enviar ahora un proyecto que baje el IVA que permita palear la inflaci\u00f3n. Junto con ello, impedir el alza desmedida de las contribuciones a los bienes ra\u00edces, las cuales en algunos casos han subido m\u00e1s del triple.<\/p>\n\n\n\n<p>Y que por fin escuche, es necesario bajar, aunque sea de manera transitoria el impuesto a los combustibles<\/p>\n\n\n\n<p>Necesitamos m\u00e1s acciones concretas y menos palabras concluye<\/p>\n\n\n\n<figure class=\"wp-block-image size-large\"><a href=\"http:\/\/radioprimiciapelluhue.cl\/wp-content\/uploads\/2022\/04\/279297023_163858506021669_3391329219583422210_n.jpg\"><img loading=\"lazy\" decoding=\"async\" width=\"842\" height=\"1024\" src=\"http:\/\/radioprimiciapelluhue.cl\/wp-content\/uploads\/2022\/04\/279297023_163858506021669_3391329219583422210_n-842x1024.jpg\" alt=\"\" class=\"wp-image-4236\" srcset=\"https:\/\/radioprimiciapelluhue.cl\/wp-content\/uploads\/2022\/04\/279297023_163858506021669_3391329219583422210_n-842x1024.jpg 842w, https:\/\/radioprimiciapelluhue.cl\/wp-content\/uploads\/2022\/04\/279297023_163858506021669_3391329219583422210_n-247x300.jpg 247w, https:\/\/radioprimiciapelluhue.cl\/wp-content\/uploads\/2022\/04\/279297023_163858506021669_3391329219583422210_n-768x935.jpg 768w, https:\/\/radioprimiciapelluhue.cl\/wp-content\/uploads\/2022\/04\/279297023_163858506021669_3391329219583422210_n-1262x1536.jpg 1262w, https:\/\/radioprimiciapelluhue.cl\/wp-content\/uploads\/2022\/04\/279297023_163858506021669_3391329219583422210_n.jpg 1273w\" sizes=\"auto, (max-width: 842px) 100vw, 842px\" \/><\/a><\/figure>\n","protected":false},"excerpt":{"rendered":"<p>EN TIEMPOS DE CRISIS SE REQUIERE ACTUAR CON URGENCIA El gobierno de @gabrielboric ha anunciado un paquete de ayudas frente al alza de precios. Mas que ayudas, debiera enviar ahora un proyecto que baje el IVA que permita palear la inflaci\u00f3n. Junto con ello, impedir el alza desmedida de las contribuciones a los bienes ra\u00edces, [&hellip;]<\/p>\n","protected":false},"author":2,"featured_media":4237,"comment_status":"closed","ping_status":"closed","sticky":false,"template":"","format":"standard","meta":{"footnotes":""},"categories":[60],"tags":[],"class_list":["post-4235","post","type-post","status-publish","format-standard","has-post-thumbnail","hentry","category-politica"],"_links":{"self":[{"href":"https:\/\/radioprimiciapelluhue.cl\/index.php?rest_route=\/wp\/v2\/posts\/4235","targetHints":{"allow":["GET"]}}],"collection":[{"href":"https:\/\/radioprimiciapelluhue.cl\/index.php?rest_route=\/wp\/v2\/posts"}],"about":[{"href":"https:\/\/radioprimiciapelluhue.cl\/index.php?rest_route=\/wp\/v2\/types\/post"}],"author":[{"embeddable":true,"href":"https:\/\/radioprimiciapelluhue.cl\/index.php?rest_route=\/wp\/v2\/users\/2"}],"replies":[{"embeddable":true,"href":"https:\/\/radioprimiciapelluhue.cl\/index.php?rest_route=%2Fwp%2Fv2%2Fcomments&post=4235"}],"version-history":[{"count":1,"href":"https:\/\/radioprimiciapelluhue.cl\/index.php?rest_route=\/wp\/v2\/posts\/4235\/revisions"}],"predecessor-version":[{"id":4238,"href":"https:\/\/radioprimiciapelluhue.cl\/index.php?rest_route=\/wp\/v2\/posts\/4235\/revisions\/4238"}],"wp:featuredmedia":[{"embeddable":true,"href":"https:\/\/radioprimiciapelluhue.cl\/index.php?rest_route=\/wp\/v2\/media\/4237"}],"wp:attachment":[{"href":"https:\/\/radioprimiciapelluhue.cl\/index.php?rest_route=%2Fwp%2Fv2%2Fmedia&parent=4235"}],"wp:term":[{"taxonomy":"category","embeddable":true,"href":"https:\/\/radioprimiciapelluhue.cl\/index.php?rest_route=%2Fwp%2Fv2%2Fcategories&post=4235"},{"taxonomy":"post_tag","embeddable":true,"href":"https:\/\/radioprimiciapelluhue.cl\/index.php?rest_route=%2Fwp%2Fv2%2Ftags&post=4235"}],"curies":[{"name":"wp","href":"https:\/\/api.w.org\/{rel}","templated":true}]}}