{"id":4240,"date":"2022-04-28T12:09:18","date_gmt":"2022-04-28T16:09:18","guid":{"rendered":"http:\/\/radioprimiciapelluhue.cl\/?p=4240"},"modified":"2022-04-28T12:09:19","modified_gmt":"2022-04-28T16:09:19","slug":"pdi-maule-podra-adquirir-modernos-equipos-gracias-a-los-fondos-entregados-por-el-gobierno-regional","status":"publish","type":"post","link":"https:\/\/radioprimiciapelluhue.cl\/?p=4240","title":{"rendered":"PDI Maule podr\u00e1 adquirir modernos equipos gracias a los fondos entregados por el Gobierno Regional"},"content":{"rendered":"\n<ul class=\"wp-block-list\"><li><em>La Gobernadora Regional Cristina Bravo indic\u00f3 que se aprobaron m\u00e1s de 563 millones de pesos, con la idea de adquirir equipamiento que ayudar\u00e1 a secciones tales como bal\u00edstica, planimetr\u00eda, fotograf\u00eda, huellograf\u00eda e investigaciones documentales.<\/em><\/li><\/ul>\n\n\n\n<p>En la \u00faltima sesi\u00f3n del Consejo Regional del Maule, se realiz\u00f3 la votaci\u00f3n de los recursos para la adquisici\u00f3n de equipos para Lacrim y la oficina de an\u00e1lisis criminal de la PDI de la regi\u00f3n, 563 millones de pesos que fueron aprobados por unanimidad por la Gobernadora Regional Cristina Bravo y los 20 consejeros regionales.<\/p>\n\n\n\n<p>Desde el Gobierno Regional destacaron este importante proyecto que apoyar\u00e1 el trabajo en seguridad p\u00fablica en el Maule, y fortalecer\u00e1 la labor policial e investigaci\u00f3n de la PDI, ya que podr\u00e1n adquirir equipos que aportar\u00e1n en diversas secciones tales como bal\u00edstica, planimetr\u00eda, fotograf\u00eda, huellograf\u00eda e investigaciones documentales.<\/p>\n\n\n\n<p>\u201cEn la sesi\u00f3n del Consejo Regional de hoy, priorizamos, pusimos en tabla y aprobamos por unanimidad un proyecto para la Polic\u00eda de Investigaciones por m\u00e1s de 563 millones de pesos, lo que permitir\u00e1 que el equipo de la Regi\u00f3n del Maule de la PDI, pueda modernizarse al nivel del FBI. Nosotros lo que necesitamos hacer es fortalecer a las fuerzas del orden p\u00fablico y en este caso todos aquellos proyectos que nos presente la PDI del Maule, nosotros estamos disponibles para aprobarlos, porque sabemos que es fundamental apoyar la seguridad p\u00fablica en la Regi\u00f3n del Maule y la idea es dotar a nuestras polic\u00edas de instrumentos y herramientas que les permitan mejorar su trabajo y ser expertos desde el \u00e1mbito criminal\u201d, indic\u00f3 la Gobernadora Regional Cristina Bravo.<\/p>\n\n\n\n<p>La PDI regional agradecieron estos recursos aprobados por el Consejo Regional del Maule, ya que podr\u00e1n adquirir un microscopio de comparaci\u00f3n bal\u00edstica, un medidor de tensi\u00f3n bal\u00edstico, una estaci\u00f3n integral para an\u00e1lisis documental, 2 c\u00e1maras fotogr\u00e1ficas profesionales, equipamiento computacional y programas inform\u00e1ticos forenses.<\/p>\n\n\n\n<p>\u201cQuiero agradecer a la Gobernadora Cristina Bravo y a los 20 consejeros por la aprobaci\u00f3n de esta iniciativa, hoy es un antes y un despu\u00e9s en temas cient\u00edficos y t\u00e9cnicos, ya que podremos modernizar nuestro laboratorio de criminal\u00edstica del Maule, y nos permitir\u00e1 tener tecnolog\u00eda de punta, a nivel de las grandes polic\u00edas como el FBI o la polic\u00eda de Alemania, y esto nos permitir\u00e1 tener una mejor persecuci\u00f3n penal y va en beneficio de la comunidad. Estamos modernizando equipos que est\u00e1n atrasado en m\u00e1s de 25 a\u00f1os, y esto nos permitir\u00e1 poder hacer mejores pruebas, y que la evidencia sea de mejor calidad y sea aportado como medio de prueba al Ministerio P\u00fablico\u201d, manifest\u00f3 Ricardo Navarro, Prefecto y Jefe Regional de la PDI.<\/p>\n\n\n\n<p>Con la actualizaci\u00f3n de los equipos y el instrumental t\u00e9cnico de la PDI regional, se busca complementar el trabajo investigativo, desarrollar estrategias para anticiparse a los delitos y as\u00ed contribuir a la mantenci\u00f3n de la tranquilidad y la seguridad p\u00fablica.<\/p>\n\n\n\n<p>La Presidenta de la Comisi\u00f3n de Presupuesto del Consejo Regional en el Maule, Cecilia Parham, destac\u00f3 esta aprobaci\u00f3n en beneficio para la PDI, \u201cquiero felicitar al Prefecto de la PDI, por haber presentado este proyecto, y viene a modernizar la b\u00fasqueda de los delincuentes y ayudar\u00e1 mucho a los vecinos y vecinas de toda la regi\u00f3n, as\u00ed que los felicito y espero que estos recursos le sirvan mucho en la gran labor que llevan a cabo\u201d.<\/p>\n\n\n\n<figure class=\"wp-block-image size-large\"><a href=\"http:\/\/radioprimiciapelluhue.cl\/wp-content\/uploads\/2022\/04\/WhatsApp-Image-2022-04-19-at-4.43.37-PM.jpeg\"><img loading=\"lazy\" decoding=\"async\" width=\"1024\" height=\"681\" src=\"http:\/\/radioprimiciapelluhue.cl\/wp-content\/uploads\/2022\/04\/WhatsApp-Image-2022-04-19-at-4.43.37-PM-1024x681.jpeg\" alt=\"\" class=\"wp-image-4241\" srcset=\"https:\/\/radioprimiciapelluhue.cl\/wp-content\/uploads\/2022\/04\/WhatsApp-Image-2022-04-19-at-4.43.37-PM-1024x681.jpeg 1024w, https:\/\/radioprimiciapelluhue.cl\/wp-content\/uploads\/2022\/04\/WhatsApp-Image-2022-04-19-at-4.43.37-PM-300x199.jpeg 300w, https:\/\/radioprimiciapelluhue.cl\/wp-content\/uploads\/2022\/04\/WhatsApp-Image-2022-04-19-at-4.43.37-PM-768x511.jpeg 768w, https:\/\/radioprimiciapelluhue.cl\/wp-content\/uploads\/2022\/04\/WhatsApp-Image-2022-04-19-at-4.43.37-PM.jpeg 1280w\" sizes=\"auto, (max-width: 1024px) 100vw, 1024px\" \/><\/a><\/figure>\n\n\n\n<figure class=\"wp-block-image size-large\"><a href=\"http:\/\/radioprimiciapelluhue.cl\/wp-content\/uploads\/2022\/04\/WhatsApp-Image-2022-04-19-at-4.43.42-PM.jpeg\"><img loading=\"lazy\" decoding=\"async\" width=\"1024\" height=\"681\" src=\"http:\/\/radioprimiciapelluhue.cl\/wp-content\/uploads\/2022\/04\/WhatsApp-Image-2022-04-19-at-4.43.42-PM-1024x681.jpeg\" alt=\"\" class=\"wp-image-4242\" srcset=\"https:\/\/radioprimiciapelluhue.cl\/wp-content\/uploads\/2022\/04\/WhatsApp-Image-2022-04-19-at-4.43.42-PM-1024x681.jpeg 1024w, https:\/\/radioprimiciapelluhue.cl\/wp-content\/uploads\/2022\/04\/WhatsApp-Image-2022-04-19-at-4.43.42-PM-300x199.jpeg 300w, https:\/\/radioprimiciapelluhue.cl\/wp-content\/uploads\/2022\/04\/WhatsApp-Image-2022-04-19-at-4.43.42-PM-768x511.jpeg 768w, https:\/\/radioprimiciapelluhue.cl\/wp-content\/uploads\/2022\/04\/WhatsApp-Image-2022-04-19-at-4.43.42-PM.jpeg 1280w\" sizes=\"auto, (max-width: 1024px) 100vw, 1024px\" \/><\/a><\/figure>\n","protected":false},"excerpt":{"rendered":"<p>La Gobernadora Regional Cristina Bravo indic\u00f3 que se aprobaron m\u00e1s de 563 millones de pesos, con la idea de adquirir equipamiento que ayudar\u00e1 a secciones tales como bal\u00edstica, planimetr\u00eda, fotograf\u00eda, huellograf\u00eda e investigaciones documentales. En la \u00faltima sesi\u00f3n del Consejo Regional del Maule, se realiz\u00f3 la votaci\u00f3n de los recursos para la adquisici\u00f3n de equipos [&hellip;]<\/p>\n","protected":false},"author":2,"featured_media":4243,"comment_status":"closed","ping_status":"closed","sticky":false,"template":"","format":"standard","meta":{"footnotes":""},"categories":[60],"tags":[],"class_list":["post-4240","post","type-post","status-publish","format-standard","has-post-thumbnail","hentry","category-politica"],"_links":{"self":[{"href":"https:\/\/radioprimiciapelluhue.cl\/index.php?rest_route=\/wp\/v2\/posts\/4240","targetHints":{"allow":["GET"]}}],"collection":[{"href":"https:\/\/radioprimiciapelluhue.cl\/index.php?rest_route=\/wp\/v2\/posts"}],"about":[{"href":"https:\/\/radioprimiciapelluhue.cl\/index.php?rest_route=\/wp\/v2\/types\/post"}],"author":[{"embeddable":true,"href":"https:\/\/radioprimiciapelluhue.cl\/index.php?rest_route=\/wp\/v2\/users\/2"}],"replies":[{"embeddable":true,"href":"https:\/\/radioprimiciapelluhue.cl\/index.php?rest_route=%2Fwp%2Fv2%2Fcomments&post=4240"}],"version-history":[{"count":1,"href":"https:\/\/radioprimiciapelluhue.cl\/index.php?rest_route=\/wp\/v2\/posts\/4240\/revisions"}],"predecessor-version":[{"id":4244,"href":"https:\/\/radioprimiciapelluhue.cl\/index.php?rest_route=\/wp\/v2\/posts\/4240\/revisions\/4244"}],"wp:featuredmedia":[{"embeddable":true,"href":"https:\/\/radioprimiciapelluhue.cl\/index.php?rest_route=\/wp\/v2\/media\/4243"}],"wp:attachment":[{"href":"https:\/\/radioprimiciapelluhue.cl\/index.php?rest_route=%2Fwp%2Fv2%2Fmedia&parent=4240"}],"wp:term":[{"taxonomy":"category","embeddable":true,"href":"https:\/\/radioprimiciapelluhue.cl\/index.php?rest_route=%2Fwp%2Fv2%2Fcategories&post=4240"},{"taxonomy":"post_tag","embeddable":true,"href":"https:\/\/radioprimiciapelluhue.cl\/index.php?rest_route=%2Fwp%2Fv2%2Ftags&post=4240"}],"curies":[{"name":"wp","href":"https:\/\/api.w.org\/{rel}","templated":true}]}}