{"id":4245,"date":"2022-04-28T12:28:50","date_gmt":"2022-04-28T16:28:50","guid":{"rendered":"http:\/\/radioprimiciapelluhue.cl\/?p=4245"},"modified":"2022-04-28T12:28:51","modified_gmt":"2022-04-28T16:28:51","slug":"romeral-cuenta-con-tres-nuevas-camionetas-para-realizar-labores-de-emergencia","status":"publish","type":"post","link":"https:\/\/radioprimiciapelluhue.cl\/?p=4245","title":{"rendered":"Romeral cuenta con tres nuevas camionetas para realizar labores de emergencia"},"content":{"rendered":"\n<ul class=\"wp-block-list\"><li><em>La Gobernadora Regional del Maule Cristina Bravo, indic\u00f3 que esta inversi\u00f3n signific\u00f3 126 millones de pesos para el Gobierno Regional.<\/em><\/li><\/ul>\n\n\n\n<p>La Gobernadora Regional Cristina Bravo junto al Alcalde Carlos Vergara, encabezaron la ceremonia de entrega de tres camionetas para la comuna de Romeral, veh\u00edculos que ser\u00e1n ocupados para labores de seguridad y emergencia, por lo que ser\u00e1n de gran ayuda para el cumplimiento de las tareas municipales.<\/p>\n\n\n\n<p>Estas tres camionetas fueron financiadas a trav\u00e9s del Gobierno Regional del Maule y gestionadas a trav\u00e9s del municipio de Romeral, lo que signific\u00f3 una inversi\u00f3n que super\u00f3 los 126 millones de pesos, por lo que la m\u00e1xima autoridad regional, agradeci\u00f3 tambi\u00e9n el constante apoyo de los 20 consejeros y consejeras regionales.<\/p>\n\n\n\n<p>\u201cEstamos muy contentos de compartir con nuestro alcalde Carlos Vergara y con los vecinos de Romeral, porque estamos concretando uno de los proyectos que nos hab\u00eda solicitado nuestro alcalde, con la idea de renovar los veh\u00edculos municipales, pero la idea era tener las camionetas equipadas, para poder llegar hasta el \u00faltimo lugar de la comuna de Romeral. Sabemos que nuestra regi\u00f3n en gran parte es rural y estamos contentos de entregar estas 3 camionetas que son tan importantes para el desarrollo de la comuna. Queremos llegar a todas partes y llegar con proyectos que quiere la gente\u201d, indic\u00f3 Cristina Bravo, Gobernadora Regional del Maule.<\/p>\n\n\n\n<p>Desde la Municipalidad de Romeral agradecieron la inversi\u00f3n del Gobierno Regional del Maule, ya que el objetivo fundamental avanzar y lograr mejoras sustantivas en temas tan importantes la seguridad p\u00fablica en la comuna y en toda la Regi\u00f3n del Maule.<\/p>\n\n\n\n<p>\u201cAgradecer el trabajo de la gobernadora y a los consejeros regionales, porque la implicancia de este proyecto es muy importante, principalmente en el tema de emergencias, as\u00ed que estas 3 camionetas van a poder cumplir una tremenda labor, llegando a los lugares m\u00e1s alejados de Romeral, donde la comunidad m\u00e1s nos necesita\u201d, reiter\u00f3 Carlos Vergara, Alcalde de Romeral.<\/p>\n\n\n\n<p>Desde el Gobierno Regional del Maule se inform\u00f3 que este proyecto fue financiado con recursos del Fondo Nacional de Desarrollo Regional (FNDR) del Gobierno Regional del Maule, con la idea de obtener un desarrollo territorial arm\u00f3nico y equitativo.<\/p>\n\n\n\n<figure class=\"wp-block-image size-large\"><a href=\"http:\/\/radioprimiciapelluhue.cl\/wp-content\/uploads\/2022\/04\/PHOTO-2022-04-13-21-30-06.jpg\"><img loading=\"lazy\" decoding=\"async\" width=\"1024\" height=\"681\" src=\"http:\/\/radioprimiciapelluhue.cl\/wp-content\/uploads\/2022\/04\/PHOTO-2022-04-13-21-30-06-1024x681.jpg\" alt=\"\" class=\"wp-image-4246\" srcset=\"https:\/\/radioprimiciapelluhue.cl\/wp-content\/uploads\/2022\/04\/PHOTO-2022-04-13-21-30-06-1024x681.jpg 1024w, https:\/\/radioprimiciapelluhue.cl\/wp-content\/uploads\/2022\/04\/PHOTO-2022-04-13-21-30-06-300x199.jpg 300w, https:\/\/radioprimiciapelluhue.cl\/wp-content\/uploads\/2022\/04\/PHOTO-2022-04-13-21-30-06-768x511.jpg 768w, https:\/\/radioprimiciapelluhue.cl\/wp-content\/uploads\/2022\/04\/PHOTO-2022-04-13-21-30-06.jpg 1280w\" sizes=\"auto, (max-width: 1024px) 100vw, 1024px\" \/><\/a><\/figure>\n\n\n\n<figure class=\"wp-block-image size-large\"><a href=\"http:\/\/radioprimiciapelluhue.cl\/wp-content\/uploads\/2022\/04\/PHOTO-2022-04-13-21-30-08.jpg\"><img loading=\"lazy\" decoding=\"async\" width=\"1024\" height=\"681\" src=\"http:\/\/radioprimiciapelluhue.cl\/wp-content\/uploads\/2022\/04\/PHOTO-2022-04-13-21-30-08-1024x681.jpg\" alt=\"\" class=\"wp-image-4247\" srcset=\"https:\/\/radioprimiciapelluhue.cl\/wp-content\/uploads\/2022\/04\/PHOTO-2022-04-13-21-30-08-1024x681.jpg 1024w, https:\/\/radioprimiciapelluhue.cl\/wp-content\/uploads\/2022\/04\/PHOTO-2022-04-13-21-30-08-300x199.jpg 300w, https:\/\/radioprimiciapelluhue.cl\/wp-content\/uploads\/2022\/04\/PHOTO-2022-04-13-21-30-08-768x511.jpg 768w, https:\/\/radioprimiciapelluhue.cl\/wp-content\/uploads\/2022\/04\/PHOTO-2022-04-13-21-30-08.jpg 1280w\" sizes=\"auto, (max-width: 1024px) 100vw, 1024px\" \/><\/a><\/figure>\n\n\n\n<figure class=\"wp-block-image size-large\"><a href=\"http:\/\/radioprimiciapelluhue.cl\/wp-content\/uploads\/2022\/04\/PHOTO-2022-04-13-21-30-10.jpg\"><img loading=\"lazy\" decoding=\"async\" width=\"1024\" height=\"681\" src=\"http:\/\/radioprimiciapelluhue.cl\/wp-content\/uploads\/2022\/04\/PHOTO-2022-04-13-21-30-10-1024x681.jpg\" alt=\"\" class=\"wp-image-4248\" srcset=\"https:\/\/radioprimiciapelluhue.cl\/wp-content\/uploads\/2022\/04\/PHOTO-2022-04-13-21-30-10-1024x681.jpg 1024w, https:\/\/radioprimiciapelluhue.cl\/wp-content\/uploads\/2022\/04\/PHOTO-2022-04-13-21-30-10-300x199.jpg 300w, https:\/\/radioprimiciapelluhue.cl\/wp-content\/uploads\/2022\/04\/PHOTO-2022-04-13-21-30-10-768x511.jpg 768w, https:\/\/radioprimiciapelluhue.cl\/wp-content\/uploads\/2022\/04\/PHOTO-2022-04-13-21-30-10.jpg 1280w\" sizes=\"auto, (max-width: 1024px) 100vw, 1024px\" \/><\/a><\/figure>\n","protected":false},"excerpt":{"rendered":"<p>La Gobernadora Regional del Maule Cristina Bravo, indic\u00f3 que esta inversi\u00f3n signific\u00f3 126 millones de pesos para el Gobierno Regional. La Gobernadora Regional Cristina Bravo junto al Alcalde Carlos Vergara, encabezaron la ceremonia de entrega de tres camionetas para la comuna de Romeral, veh\u00edculos que ser\u00e1n ocupados para labores de seguridad y emergencia, por lo [&hellip;]<\/p>\n","protected":false},"author":2,"featured_media":4249,"comment_status":"closed","ping_status":"closed","sticky":false,"template":"","format":"standard","meta":{"footnotes":""},"categories":[60],"tags":[],"class_list":["post-4245","post","type-post","status-publish","format-standard","has-post-thumbnail","hentry","category-politica"],"_links":{"self":[{"href":"https:\/\/radioprimiciapelluhue.cl\/index.php?rest_route=\/wp\/v2\/posts\/4245","targetHints":{"allow":["GET"]}}],"collection":[{"href":"https:\/\/radioprimiciapelluhue.cl\/index.php?rest_route=\/wp\/v2\/posts"}],"about":[{"href":"https:\/\/radioprimiciapelluhue.cl\/index.php?rest_route=\/wp\/v2\/types\/post"}],"author":[{"embeddable":true,"href":"https:\/\/radioprimiciapelluhue.cl\/index.php?rest_route=\/wp\/v2\/users\/2"}],"replies":[{"embeddable":true,"href":"https:\/\/radioprimiciapelluhue.cl\/index.php?rest_route=%2Fwp%2Fv2%2Fcomments&post=4245"}],"version-history":[{"count":1,"href":"https:\/\/radioprimiciapelluhue.cl\/index.php?rest_route=\/wp\/v2\/posts\/4245\/revisions"}],"predecessor-version":[{"id":4250,"href":"https:\/\/radioprimiciapelluhue.cl\/index.php?rest_route=\/wp\/v2\/posts\/4245\/revisions\/4250"}],"wp:featuredmedia":[{"embeddable":true,"href":"https:\/\/radioprimiciapelluhue.cl\/index.php?rest_route=\/wp\/v2\/media\/4249"}],"wp:attachment":[{"href":"https:\/\/radioprimiciapelluhue.cl\/index.php?rest_route=%2Fwp%2Fv2%2Fmedia&parent=4245"}],"wp:term":[{"taxonomy":"category","embeddable":true,"href":"https:\/\/radioprimiciapelluhue.cl\/index.php?rest_route=%2Fwp%2Fv2%2Fcategories&post=4245"},{"taxonomy":"post_tag","embeddable":true,"href":"https:\/\/radioprimiciapelluhue.cl\/index.php?rest_route=%2Fwp%2Fv2%2Ftags&post=4245"}],"curies":[{"name":"wp","href":"https:\/\/api.w.org\/{rel}","templated":true}]}}