{"id":4251,"date":"2022-04-28T12:39:38","date_gmt":"2022-04-28T16:39:38","guid":{"rendered":"http:\/\/radioprimiciapelluhue.cl\/?p=4251"},"modified":"2022-04-28T12:39:39","modified_gmt":"2022-04-28T16:39:39","slug":"con-mas-de-300-estudiantes-se-inaugura-temporada-2022-de-teatro-educa-en-el-trm","status":"publish","type":"post","link":"https:\/\/radioprimiciapelluhue.cl\/?p=4251","title":{"rendered":"CON M\u00c1S DE 300 ESTUDIANTES SE INAUGURA TEMPORADA 2022 DE TEATRO EDUCA EN EL TRM"},"content":{"rendered":"\n<p>La obra \u00abParlamento\u00bb a cargo de la Compa\u00f1\u00eda Tryo Teatro Banda fue la elegida para abrir el ciclo de funciones y espect\u00e1culos educativos presenciales en el contexto del programa Teatro Educa del Teatro Regional del Maule.<\/p>\n\n\n\n<p>Estudiantes de ocho establecimientos de Talca y Maule pudieron disfrutar del montaje inspirado en el Parlamento de Quil\u00edn, un evento de la mayor importancia para la historia de Chile, llevado a cabo en 1641 cuando miles de mapuche y espa\u00f1oles se reunieron en ese lugar de La Araucan\u00eda para sellar un acuerdo de paz que pondr\u00eda fin a la guerra de Arauco y que permitir\u00eda a ambos pueblos convivir en paz.<\/p>\n\n\n\n<p>Francisco S\u00e1nchez, m\u00fasico y actor, interpret\u00f3 a los diversos personajes y estableci\u00f3 un di\u00e1logo con el p\u00fablico de tal manera de relevar la importancia de la conversaci\u00f3n, evocando la pr\u00e1ctica ancestral de los parlamentos que para el pueblo mapuche hab\u00edan permitido la resoluci\u00f3n de conflictos por siglos.<\/p>\n\n\n\n<p>La vigencia actual de estos temas fue motivaci\u00f3n para el conversatorio que se desarroll\u00f3 al terminar la funci\u00f3n en el que tanto estudiantes como docentes pudieron preguntar y comentar los aspectos m\u00e1s relevantes de la puesta en escena, cuya visualidad y materialidad al ser una escenograf\u00eda de papel,&nbsp; junto a la m\u00fasica y el sentido cr\u00edtico generaron gran inter\u00e9s en la propuesta esc\u00e9nica.<\/p>\n\n\n\n<p>SOBRE EL PROGRAMA TEATRO EDUCA<\/p>\n\n\n\n<p>Esta es una de las iniciativas m\u00e1s antiguas del TRM, que con el correr de los a\u00f1os ha ido mejorando su funcionamiento. Tiene como objetivo acercar la cultura y las artes a las diferentes comunidades educativas de la regi\u00f3n.<\/p>\n\n\n\n<p>Durante el a\u00f1o 2021 se realizaron 19 actividades, 15 de ellas en formato online y 4 presenciales, luego de la apertura del TRM gracias al avance positivo de los protocolos de salud. Adem\u00e1s de estos eventos de cartelera, se efectuaron diversas intervenciones art\u00edsticas en distintos establecimientos de la regi\u00f3n con la iniciativa Recreos Musicales, programa que este mes iniciar\u00e1 su versi\u00f3n 2022.<\/p>\n\n\n\n<p>El trabajo de Teatro Educa se efect\u00faa en coordinaci\u00f3n con cada establecimiento educacional y busca ser un aporte en la formaci\u00f3n de los estudiantes siendo un complemento al trabajo en aula realizados por los y las docentes.<\/p>\n\n\n\n<p>Los docente o establecimientos que quieran saber m\u00e1s sobre la programaci\u00f3n de Teatro Educa pueden escribir directamente al correo\u00a0<a href=\"mailto:mediacion@teatroregional.cl\">mediacion@teatroregional.cl<\/a><\/p>\n\n\n\n<figure class=\"wp-block-image size-full\"><a href=\"http:\/\/radioprimiciapelluhue.cl\/wp-content\/uploads\/2022\/04\/52003296615_19a342adf5_k-1024x683-1.jpg\"><img loading=\"lazy\" decoding=\"async\" width=\"1024\" height=\"683\" src=\"http:\/\/radioprimiciapelluhue.cl\/wp-content\/uploads\/2022\/04\/52003296615_19a342adf5_k-1024x683-1.jpg\" alt=\"\" class=\"wp-image-4252\" srcset=\"https:\/\/radioprimiciapelluhue.cl\/wp-content\/uploads\/2022\/04\/52003296615_19a342adf5_k-1024x683-1.jpg 1024w, https:\/\/radioprimiciapelluhue.cl\/wp-content\/uploads\/2022\/04\/52003296615_19a342adf5_k-1024x683-1-300x200.jpg 300w, https:\/\/radioprimiciapelluhue.cl\/wp-content\/uploads\/2022\/04\/52003296615_19a342adf5_k-1024x683-1-768x512.jpg 768w\" sizes=\"auto, (max-width: 1024px) 100vw, 1024px\" \/><\/a><\/figure>\n","protected":false},"excerpt":{"rendered":"<p>La obra \u00abParlamento\u00bb a cargo de la Compa\u00f1\u00eda Tryo Teatro Banda fue la elegida para abrir el ciclo de funciones y espect\u00e1culos educativos presenciales en el contexto del programa Teatro Educa del Teatro Regional del Maule. Estudiantes de ocho establecimientos de Talca y Maule pudieron disfrutar del montaje inspirado en el Parlamento de Quil\u00edn, un [&hellip;]<\/p>\n","protected":false},"author":2,"featured_media":4253,"comment_status":"closed","ping_status":"closed","sticky":false,"template":"","format":"standard","meta":{"footnotes":""},"categories":[65],"tags":[],"class_list":["post-4251","post","type-post","status-publish","format-standard","has-post-thumbnail","hentry","category-cultura"],"_links":{"self":[{"href":"https:\/\/radioprimiciapelluhue.cl\/index.php?rest_route=\/wp\/v2\/posts\/4251","targetHints":{"allow":["GET"]}}],"collection":[{"href":"https:\/\/radioprimiciapelluhue.cl\/index.php?rest_route=\/wp\/v2\/posts"}],"about":[{"href":"https:\/\/radioprimiciapelluhue.cl\/index.php?rest_route=\/wp\/v2\/types\/post"}],"author":[{"embeddable":true,"href":"https:\/\/radioprimiciapelluhue.cl\/index.php?rest_route=\/wp\/v2\/users\/2"}],"replies":[{"embeddable":true,"href":"https:\/\/radioprimiciapelluhue.cl\/index.php?rest_route=%2Fwp%2Fv2%2Fcomments&post=4251"}],"version-history":[{"count":1,"href":"https:\/\/radioprimiciapelluhue.cl\/index.php?rest_route=\/wp\/v2\/posts\/4251\/revisions"}],"predecessor-version":[{"id":4254,"href":"https:\/\/radioprimiciapelluhue.cl\/index.php?rest_route=\/wp\/v2\/posts\/4251\/revisions\/4254"}],"wp:featuredmedia":[{"embeddable":true,"href":"https:\/\/radioprimiciapelluhue.cl\/index.php?rest_route=\/wp\/v2\/media\/4253"}],"wp:attachment":[{"href":"https:\/\/radioprimiciapelluhue.cl\/index.php?rest_route=%2Fwp%2Fv2%2Fmedia&parent=4251"}],"wp:term":[{"taxonomy":"category","embeddable":true,"href":"https:\/\/radioprimiciapelluhue.cl\/index.php?rest_route=%2Fwp%2Fv2%2Fcategories&post=4251"},{"taxonomy":"post_tag","embeddable":true,"href":"https:\/\/radioprimiciapelluhue.cl\/index.php?rest_route=%2Fwp%2Fv2%2Ftags&post=4251"}],"curies":[{"name":"wp","href":"https:\/\/api.w.org\/{rel}","templated":true}]}}