{"id":4255,"date":"2022-04-28T22:27:53","date_gmt":"2022-04-29T02:27:53","guid":{"rendered":"http:\/\/radioprimiciapelluhue.cl\/?p=4255"},"modified":"2022-04-28T22:27:53","modified_gmt":"2022-04-29T02:27:53","slug":"senadora-rincon-pide-que-personal-del-ejercito-se-sume-a-busqueda-de-arrieros","status":"publish","type":"post","link":"https:\/\/radioprimiciapelluhue.cl\/?p=4255","title":{"rendered":"Senadora Rinc\u00f3n pide que personal del Ej\u00e9rcito se sume a b\u00fasqueda de arrieros"},"content":{"rendered":"\n<p>Parlamentaria contact\u00f3 al delegado presidencial Humberto Aqueveque, para solicitarle que se agoten todos los recursos en el rescate, lo que incluye que personal de la Escuela de Artiller\u00eda se integre a los operativos desde este viernes<\/p>\n\n\n\n<p>La necesidad de que efectivos del Ej\u00e9rcito pertenecientes a la Escuela de Artiller\u00eda de Linares se sumen a partir de este viernes a la b\u00fasqueda de los arrieros desaparecidos en la alta cordillera de Linares, plante\u00f3 la Senadora por el Maule, Ximena Rinc\u00f3n Gonz\u00e1lez, quien contact\u00f3 al Delegado Presidencial, Humberto Aqueveque, para solicitarle todas las gestiones necesarias para asegurar que no se escatimen recursos ni esfuerzos en el operativo de rescate.&nbsp;<\/p>\n\n\n\n<p>\u201cLe he pedido&nbsp; al delegado presidencial, Humberto Aqueveque, que coordine con el Ej\u00e9rcito para que personal de la Escuela de Artiller\u00eda de Linares se movilice en la b\u00fasqueda de los arrieros que est\u00e1n desaparecidos en la alta cordillera de Linares,&nbsp; Es fundamental que se dispongan todos los recursos posibles para concretar de manera exitosa el rescate y no lamentar una noticia que nadie quiere ni desea escuchar\u201d, asegur\u00f3 la legisladora<\/p>\n\n\n\n<p>Agreg\u00f3 que en estos momentos lo fundamental es encontrar con vida a todos los arrieros y, con ese objetivo, los efectivos de la Escuela de Artiller\u00eda de Linares pueden realizar un aporte relevante.<\/p>\n\n\n\n<p>\u201cEstamos pendientes de lo que ocurre y dispuestos a cooperar en todas las gestiones necesarias para apoyar las labores de b\u00fasqueda.&nbsp; De hecho, me contact\u00e9 con la ministra Siches para solicitarle que el Gobierno d\u00e9 celeridad a todo lo que signifique ayuda a un operativo que es complejo y dif\u00edcil, pero que esperamos termine con todos los arrieros sanos y salvos junto a sus familias\u201d, dijo la Senadora.<\/p>\n\n\n\n<p>\u00a0Finalmente, Ximena Rinc\u00f3n recalc\u00f3 que es necesario agotar esfuerzos en todos los \u00e1mbitos para concretar con \u00e9xito el operativo desplegado para rescatar con vida los arrieros y que en ello es vital la experiencia de \u00e9stos en la alta cordillera, por lo que dijo estar esperanzada en que la incertidumbre dar\u00e1 paso a la felicidad de encontrar con vida a los trabajadores.<\/p>\n\n\n\n<figure class=\"wp-block-image size-large\"><a href=\"http:\/\/radioprimiciapelluhue.cl\/wp-content\/uploads\/2022\/04\/04-28-arrieros.jpg\"><img loading=\"lazy\" decoding=\"async\" width=\"1024\" height=\"576\" src=\"http:\/\/radioprimiciapelluhue.cl\/wp-content\/uploads\/2022\/04\/04-28-arrieros-1024x576.jpg\" alt=\"\" class=\"wp-image-4256\" srcset=\"https:\/\/radioprimiciapelluhue.cl\/wp-content\/uploads\/2022\/04\/04-28-arrieros-1024x576.jpg 1024w, https:\/\/radioprimiciapelluhue.cl\/wp-content\/uploads\/2022\/04\/04-28-arrieros-300x169.jpg 300w, https:\/\/radioprimiciapelluhue.cl\/wp-content\/uploads\/2022\/04\/04-28-arrieros-768x432.jpg 768w, https:\/\/radioprimiciapelluhue.cl\/wp-content\/uploads\/2022\/04\/04-28-arrieros-727x409.jpg 727w, https:\/\/radioprimiciapelluhue.cl\/wp-content\/uploads\/2022\/04\/04-28-arrieros-1110x624.jpg 1110w, https:\/\/radioprimiciapelluhue.cl\/wp-content\/uploads\/2022\/04\/04-28-arrieros-720x406.jpg 720w, https:\/\/radioprimiciapelluhue.cl\/wp-content\/uploads\/2022\/04\/04-28-arrieros-750x422.jpg 750w, https:\/\/radioprimiciapelluhue.cl\/wp-content\/uploads\/2022\/04\/04-28-arrieros.jpg 1280w\" sizes=\"auto, (max-width: 1024px) 100vw, 1024px\" \/><\/a><\/figure>\n","protected":false},"excerpt":{"rendered":"<p>Parlamentaria contact\u00f3 al delegado presidencial Humberto Aqueveque, para solicitarle que se agoten todos los recursos en el rescate, lo que incluye que personal de la Escuela de Artiller\u00eda se integre a los operativos desde este viernes La necesidad de que efectivos del Ej\u00e9rcito pertenecientes a la Escuela de Artiller\u00eda de Linares se sumen a partir [&hellip;]<\/p>\n","protected":false},"author":2,"featured_media":4256,"comment_status":"closed","ping_status":"closed","sticky":false,"template":"","format":"standard","meta":{"footnotes":""},"categories":[60],"tags":[],"class_list":["post-4255","post","type-post","status-publish","format-standard","has-post-thumbnail","hentry","category-politica"],"_links":{"self":[{"href":"https:\/\/radioprimiciapelluhue.cl\/index.php?rest_route=\/wp\/v2\/posts\/4255","targetHints":{"allow":["GET"]}}],"collection":[{"href":"https:\/\/radioprimiciapelluhue.cl\/index.php?rest_route=\/wp\/v2\/posts"}],"about":[{"href":"https:\/\/radioprimiciapelluhue.cl\/index.php?rest_route=\/wp\/v2\/types\/post"}],"author":[{"embeddable":true,"href":"https:\/\/radioprimiciapelluhue.cl\/index.php?rest_route=\/wp\/v2\/users\/2"}],"replies":[{"embeddable":true,"href":"https:\/\/radioprimiciapelluhue.cl\/index.php?rest_route=%2Fwp%2Fv2%2Fcomments&post=4255"}],"version-history":[{"count":1,"href":"https:\/\/radioprimiciapelluhue.cl\/index.php?rest_route=\/wp\/v2\/posts\/4255\/revisions"}],"predecessor-version":[{"id":4257,"href":"https:\/\/radioprimiciapelluhue.cl\/index.php?rest_route=\/wp\/v2\/posts\/4255\/revisions\/4257"}],"wp:featuredmedia":[{"embeddable":true,"href":"https:\/\/radioprimiciapelluhue.cl\/index.php?rest_route=\/wp\/v2\/media\/4256"}],"wp:attachment":[{"href":"https:\/\/radioprimiciapelluhue.cl\/index.php?rest_route=%2Fwp%2Fv2%2Fmedia&parent=4255"}],"wp:term":[{"taxonomy":"category","embeddable":true,"href":"https:\/\/radioprimiciapelluhue.cl\/index.php?rest_route=%2Fwp%2Fv2%2Fcategories&post=4255"},{"taxonomy":"post_tag","embeddable":true,"href":"https:\/\/radioprimiciapelluhue.cl\/index.php?rest_route=%2Fwp%2Fv2%2Ftags&post=4255"}],"curies":[{"name":"wp","href":"https:\/\/api.w.org\/{rel}","templated":true}]}}