{"id":4258,"date":"2022-04-28T22:36:20","date_gmt":"2022-04-29T02:36:20","guid":{"rendered":"http:\/\/radioprimiciapelluhue.cl\/?p=4258"},"modified":"2022-04-28T22:36:21","modified_gmt":"2022-04-29T02:36:21","slug":"senadora-rincon-por-perrera-de-linares-el-estado-no-esta-haciendo-su-trabajo","status":"publish","type":"post","link":"https:\/\/radioprimiciapelluhue.cl\/?p=4258","title":{"rendered":"Senadora Rinc\u00f3n por perrera de Linares: \u201cEl Estado no est\u00e1 haciendo su trabajo\u201d"},"content":{"rendered":"\n<p>Dijo que, como se dijo en su momento, en el canil no est\u00e1n las condiciones sanitarias para proteger a los animales, a los vecinos ni al medio ambiente.&nbsp; \u201cHay varias instituciones que debieron pronunciarse y no lo han hecho, lo que deja en la indefensi\u00f3n a cientos de personas\u201d sostuvo la legisladora<\/p>\n\n\n\n<p>Con indignaci\u00f3n reaccion\u00f3 la Senadora por el Maule, Ximena Rinc\u00f3n Gonz\u00e1lez, a diversas im\u00e1genes que circulan en redes sociales en que se muestran las deplorables condiciones sanitarias en que funciona la perrera municipal de Linares, ubicada en el sector de Invernada.&nbsp;<\/p>\n\n\n\n<p>La parlamentaria dijo que diversas instituciones del Estado no est\u00e1n haciendo su trabajo, lo que afecta la calidad de vida de vecinos y vecinos, afecta el medio ambiente y pone en riesgo a los animales que se pretende cuidar.<\/p>\n\n\n\n<p>\u201cAc\u00e1 hay una gran cantidad de instituciones que debieran tomar cartas en el asunto.&nbsp; Hay varias denuncias, pero no hay respuesta concreta de estos organismos del Estado.&nbsp; Los vecinos esperan que instituciones como el SAG, como la Secretar\u00eda Regional Ministerial de Salud o la de Medio Ambiente, entre otras tantas, hagan su pega y lleguen hasta el canil.&nbsp; Lamentablemente, el Estado debi\u00f3 pronunciarse a trav\u00e9s de diversas entidades y no lo ha hecho, lo que deja en la indefensi\u00f3n a cientos de personas\u201d, sostuvo la legisladora, quien junto al concejal, Jes\u00fas Rojas, est\u00e1 en permanente contacto con los vecinos afectados.<\/p>\n\n\n\n<p>Agreg\u00f3 que lo m\u00ednimo es que haya una respuesta y que si se estima que el canil cumple con todas las condiciones exigidas, se diga con claridad, pero que no se dilaten respuestas que son necesarias y urgentes.<\/p>\n\n\n\n<p>A\u00f1adi\u00f3 que los vecinos han realizados diversas acciones, tanto legales como administrativas, para enfrentar las lamentables consecuencias que est\u00e1 teniendo la instalaci\u00f3n de la perrera municipal, tanto en la calidad de vida de los residentes como en las condiciones sanitarias b\u00e1sicas para resguardar a los animales, sin que hasta el momento tengan respuesta.<\/p>\n\n\n\n<p>Por esta raz\u00f3n, anunci\u00f3 que insistir\u00e1 con oficios a diversos servicios para que se pronuncien respecto a un caso que lleva meses sin que sea zanjado y que afecta la calidad de vida de decenas de familias.<\/p>\n\n\n\n<figure class=\"wp-block-image size-full\"><a href=\"http:\/\/radioprimiciapelluhue.cl\/wp-content\/uploads\/2021\/11\/11-29-accidente-achibueno.jpg\"><img loading=\"lazy\" decoding=\"async\" width=\"969\" height=\"698\" src=\"http:\/\/radioprimiciapelluhue.cl\/wp-content\/uploads\/2021\/11\/11-29-accidente-achibueno.jpg\" alt=\"\" class=\"wp-image-3774\" srcset=\"https:\/\/radioprimiciapelluhue.cl\/wp-content\/uploads\/2021\/11\/11-29-accidente-achibueno.jpg 969w, https:\/\/radioprimiciapelluhue.cl\/wp-content\/uploads\/2021\/11\/11-29-accidente-achibueno-300x216.jpg 300w, https:\/\/radioprimiciapelluhue.cl\/wp-content\/uploads\/2021\/11\/11-29-accidente-achibueno-768x553.jpg 768w\" sizes=\"auto, (max-width: 969px) 100vw, 969px\" \/><\/a><\/figure>\n\n\n\n<p><\/p>\n","protected":false},"excerpt":{"rendered":"<p>Dijo que, como se dijo en su momento, en el canil no est\u00e1n las condiciones sanitarias para proteger a los animales, a los vecinos ni al medio ambiente.&nbsp; \u201cHay varias instituciones que debieron pronunciarse y no lo han hecho, lo que deja en la indefensi\u00f3n a cientos de personas\u201d sostuvo la legisladora Con indignaci\u00f3n reaccion\u00f3 [&hellip;]<\/p>\n","protected":false},"author":2,"featured_media":4217,"comment_status":"closed","ping_status":"closed","sticky":false,"template":"","format":"standard","meta":{"footnotes":""},"categories":[60],"tags":[],"class_list":["post-4258","post","type-post","status-publish","format-standard","has-post-thumbnail","hentry","category-politica"],"_links":{"self":[{"href":"https:\/\/radioprimiciapelluhue.cl\/index.php?rest_route=\/wp\/v2\/posts\/4258","targetHints":{"allow":["GET"]}}],"collection":[{"href":"https:\/\/radioprimiciapelluhue.cl\/index.php?rest_route=\/wp\/v2\/posts"}],"about":[{"href":"https:\/\/radioprimiciapelluhue.cl\/index.php?rest_route=\/wp\/v2\/types\/post"}],"author":[{"embeddable":true,"href":"https:\/\/radioprimiciapelluhue.cl\/index.php?rest_route=\/wp\/v2\/users\/2"}],"replies":[{"embeddable":true,"href":"https:\/\/radioprimiciapelluhue.cl\/index.php?rest_route=%2Fwp%2Fv2%2Fcomments&post=4258"}],"version-history":[{"count":1,"href":"https:\/\/radioprimiciapelluhue.cl\/index.php?rest_route=\/wp\/v2\/posts\/4258\/revisions"}],"predecessor-version":[{"id":4259,"href":"https:\/\/radioprimiciapelluhue.cl\/index.php?rest_route=\/wp\/v2\/posts\/4258\/revisions\/4259"}],"wp:featuredmedia":[{"embeddable":true,"href":"https:\/\/radioprimiciapelluhue.cl\/index.php?rest_route=\/wp\/v2\/media\/4217"}],"wp:attachment":[{"href":"https:\/\/radioprimiciapelluhue.cl\/index.php?rest_route=%2Fwp%2Fv2%2Fmedia&parent=4258"}],"wp:term":[{"taxonomy":"category","embeddable":true,"href":"https:\/\/radioprimiciapelluhue.cl\/index.php?rest_route=%2Fwp%2Fv2%2Fcategories&post=4258"},{"taxonomy":"post_tag","embeddable":true,"href":"https:\/\/radioprimiciapelluhue.cl\/index.php?rest_route=%2Fwp%2Fv2%2Ftags&post=4258"}],"curies":[{"name":"wp","href":"https:\/\/api.w.org\/{rel}","templated":true}]}}