{"id":4260,"date":"2022-04-28T23:03:51","date_gmt":"2022-04-29T03:03:51","guid":{"rendered":"http:\/\/radioprimiciapelluhue.cl\/?p=4260"},"modified":"2022-04-28T23:03:51","modified_gmt":"2022-04-29T03:03:51","slug":"gobierno-regional-entrega-un-radiopatrulla-a-carabineros-de-empedrado-y-apoyaran-la-adquisicion-de-helicoptero","status":"publish","type":"post","link":"https:\/\/radioprimiciapelluhue.cl\/?p=4260","title":{"rendered":"Gobierno Regional entrega un radiopatrulla a Carabineros de Empedrado y apoyar\u00e1n la adquisici\u00f3n de helic\u00f3ptero"},"content":{"rendered":"\n<ul class=\"wp-block-list\"><li><em>Adem\u00e1s la m\u00e1xima autoridad del Maule Cristina Bravo, indic\u00f3 que tienen un compromiso en seguir trabajando para adquirir m\u00e1s veh\u00edculos y tambi\u00e9n para trabajar en la compra de un helic\u00f3ptero para la regi\u00f3n.<\/em><\/li><\/ul>\n\n\n\n<p>El Gobierno Regional del Maule, realiz\u00f3 una nueva entrega de veh\u00edculos para Carabineros, ahora de la comuna de Empedrado, por lo que la Gobernadora Regional Cristina Bravo se traslad\u00f3 hasta el ret\u00e9n de la comuna, para realizar la entrega de una radiopatrulla, en la instancia se comprometi\u00f3 a seguir apoyando los proyectos de Carabineros.<\/p>\n\n\n\n<p>Desde la instituci\u00f3n agradecieron esta camioneta, ya que en la actualidad no contaban con un veh\u00edculo apropiado para realizar las labores policiales en una comuna con un alto porcentaje de ruralidad como Empedrado.<\/p>\n\n\n\n<p>\u201cEstamos entregando este veh\u00edculo tan necesario para que Carabineros desarrolle su trabajo de la mejor manera en la comuna de Empedrado. Sabemos que en el \u00e1mbito de la seguridad p\u00fablica el Gobierno Regional no tiene muchas facultades, pero s\u00ed tenemos el deber de entregarle herramientas a carabineros para que hagan mejor su trabajo\u201d, indic\u00f3 Cristina Bravo.<\/p>\n\n\n\n<p>La General Berta Robles, Jefa de la 7ma Zona Maule de Carabineros, tambi\u00e9n valor\u00f3 el gran apoyo que han recibido por parte del Gobierno Regional del Maule, \u201cestamos muy agradecidos del gobierno regional, de los consejeros regionales, vamos a seguir presentando proyectos que nos ayuden a ampliar todas las herramientas y los recursos log\u00edsticos, para que nuestros carabineros presten un mejor servicio a la comunidad y asegurar bienestar, paz y seguridad\u201d.<\/p>\n\n\n\n<p>Sin lugar a dudas los m\u00e1s agradecidos adem\u00e1s de Carabineros han sido los alcaldes, es el caso de Gonzalo Tejos, Alcalde de Empedrado, \u201cestamos muy felices, porque nuestra comuna es dispersa y accidentada y conversando con Carabineros, sab\u00edamos de la importancia de tener estos veh\u00edculos. Como alcalde lo que tengo que hacer es seguir creando alianzas con carabineros, y esto es fundamental para eso\u201d.<\/p>\n\n\n\n<p>Es importante indicar que estos 50 veh\u00edculos son financiados con recursos del Fondo Nacional de Desarrollo Regional y el FNDR es un programa de inversiones p\u00fablicas, con fines de compensaci\u00f3n territorial, con el objetivo de obtener un desarrollo territorial arm\u00f3nico y equitativo.<\/p>\n\n\n\n<p><strong>Un helic\u00f3ptero para el Maule<\/strong><\/p>\n\n\n\n<p>La Gobernadora Cristina Bravo y la General Berta Robles, reiteraron la importancia que la regi\u00f3n cuente con un helic\u00f3ptero, por ejemplo ahora habr\u00eda sido muy necesario en la b\u00fasqueda de los arrieros que se encuentran atrapados en la cordillera de Linares.<\/p>\n\n\n\n<p>\u201cEs por esto que estamos trabajando en variados proyectos y uno de los m\u00e1s importantes es contar con un helic\u00f3ptero en la regi\u00f3n del Maule, por ejemplo hoy tenemos 15 arrieros perdidos en la comuna de Linares, no tenemos helic\u00f3ptero y tuvimos que recurrir a la Regi\u00f3n del Biob\u00edo, por eso es tan importante que la regi\u00f3n tenga proyectos, nosotros seguiremos apoyando las iniciativas de Carabineros\u201d, agreg\u00f3 la Gobernadora Regional.<\/p>\n\n\n\n<p>La general Berta Robles, concluy\u00f3, \u201cestamos trabajando en un proyecto para tener un helic\u00f3ptero en el Maule, ya que ayudar\u00e1 en la seguridad, pero adem\u00e1s ayudar\u00e1 en el rescate, por ejemplo ahora tenemos el ejemplo de arrieros perdidos en Linares, y la \u00fanica forma es llegar con helic\u00f3ptero\u201d<\/p>\n\n\n\n<figure class=\"wp-block-image size-large\"><a href=\"http:\/\/radioprimiciapelluhue.cl\/wp-content\/uploads\/2022\/04\/Entrega-Carabineros-Empedrado-01.jpeg\"><img loading=\"lazy\" decoding=\"async\" width=\"1024\" height=\"681\" src=\"http:\/\/radioprimiciapelluhue.cl\/wp-content\/uploads\/2022\/04\/Entrega-Carabineros-Empedrado-01-1024x681.jpeg\" alt=\"\" class=\"wp-image-4262\" srcset=\"https:\/\/radioprimiciapelluhue.cl\/wp-content\/uploads\/2022\/04\/Entrega-Carabineros-Empedrado-01-1024x681.jpeg 1024w, https:\/\/radioprimiciapelluhue.cl\/wp-content\/uploads\/2022\/04\/Entrega-Carabineros-Empedrado-01-300x199.jpeg 300w, https:\/\/radioprimiciapelluhue.cl\/wp-content\/uploads\/2022\/04\/Entrega-Carabineros-Empedrado-01-768x511.jpeg 768w, https:\/\/radioprimiciapelluhue.cl\/wp-content\/uploads\/2022\/04\/Entrega-Carabineros-Empedrado-01.jpeg 1280w\" sizes=\"auto, (max-width: 1024px) 100vw, 1024px\" \/><\/a><\/figure>\n\n\n\n<figure class=\"wp-block-image size-large\"><a href=\"http:\/\/radioprimiciapelluhue.cl\/wp-content\/uploads\/2022\/04\/Entrega-Carabineros-Empedrado-02.jpeg\"><img loading=\"lazy\" decoding=\"async\" width=\"1024\" height=\"681\" src=\"http:\/\/radioprimiciapelluhue.cl\/wp-content\/uploads\/2022\/04\/Entrega-Carabineros-Empedrado-02-1024x681.jpeg\" alt=\"\" class=\"wp-image-4261\" srcset=\"https:\/\/radioprimiciapelluhue.cl\/wp-content\/uploads\/2022\/04\/Entrega-Carabineros-Empedrado-02-1024x681.jpeg 1024w, https:\/\/radioprimiciapelluhue.cl\/wp-content\/uploads\/2022\/04\/Entrega-Carabineros-Empedrado-02-300x199.jpeg 300w, https:\/\/radioprimiciapelluhue.cl\/wp-content\/uploads\/2022\/04\/Entrega-Carabineros-Empedrado-02-768x511.jpeg 768w, https:\/\/radioprimiciapelluhue.cl\/wp-content\/uploads\/2022\/04\/Entrega-Carabineros-Empedrado-02.jpeg 1280w\" sizes=\"auto, (max-width: 1024px) 100vw, 1024px\" \/><\/a><\/figure>\n","protected":false},"excerpt":{"rendered":"<p>Adem\u00e1s la m\u00e1xima autoridad del Maule Cristina Bravo, indic\u00f3 que tienen un compromiso en seguir trabajando para adquirir m\u00e1s veh\u00edculos y tambi\u00e9n para trabajar en la compra de un helic\u00f3ptero para la regi\u00f3n. El Gobierno Regional del Maule, realiz\u00f3 una nueva entrega de veh\u00edculos para Carabineros, ahora de la comuna de Empedrado, por lo que [&hellip;]<\/p>\n","protected":false},"author":2,"featured_media":4263,"comment_status":"closed","ping_status":"closed","sticky":false,"template":"","format":"standard","meta":{"footnotes":""},"categories":[59],"tags":[],"class_list":["post-4260","post","type-post","status-publish","format-standard","has-post-thumbnail","hentry","category-policial"],"_links":{"self":[{"href":"https:\/\/radioprimiciapelluhue.cl\/index.php?rest_route=\/wp\/v2\/posts\/4260","targetHints":{"allow":["GET"]}}],"collection":[{"href":"https:\/\/radioprimiciapelluhue.cl\/index.php?rest_route=\/wp\/v2\/posts"}],"about":[{"href":"https:\/\/radioprimiciapelluhue.cl\/index.php?rest_route=\/wp\/v2\/types\/post"}],"author":[{"embeddable":true,"href":"https:\/\/radioprimiciapelluhue.cl\/index.php?rest_route=\/wp\/v2\/users\/2"}],"replies":[{"embeddable":true,"href":"https:\/\/radioprimiciapelluhue.cl\/index.php?rest_route=%2Fwp%2Fv2%2Fcomments&post=4260"}],"version-history":[{"count":1,"href":"https:\/\/radioprimiciapelluhue.cl\/index.php?rest_route=\/wp\/v2\/posts\/4260\/revisions"}],"predecessor-version":[{"id":4264,"href":"https:\/\/radioprimiciapelluhue.cl\/index.php?rest_route=\/wp\/v2\/posts\/4260\/revisions\/4264"}],"wp:featuredmedia":[{"embeddable":true,"href":"https:\/\/radioprimiciapelluhue.cl\/index.php?rest_route=\/wp\/v2\/media\/4263"}],"wp:attachment":[{"href":"https:\/\/radioprimiciapelluhue.cl\/index.php?rest_route=%2Fwp%2Fv2%2Fmedia&parent=4260"}],"wp:term":[{"taxonomy":"category","embeddable":true,"href":"https:\/\/radioprimiciapelluhue.cl\/index.php?rest_route=%2Fwp%2Fv2%2Fcategories&post=4260"},{"taxonomy":"post_tag","embeddable":true,"href":"https:\/\/radioprimiciapelluhue.cl\/index.php?rest_route=%2Fwp%2Fv2%2Ftags&post=4260"}],"curies":[{"name":"wp","href":"https:\/\/api.w.org\/{rel}","templated":true}]}}