{"id":4270,"date":"2022-05-05T19:13:32","date_gmt":"2022-05-05T23:13:32","guid":{"rendered":"http:\/\/radioprimiciapelluhue.cl\/?p=4270"},"modified":"2022-05-05T19:13:33","modified_gmt":"2022-05-05T23:13:33","slug":"carabinero-de-chillan-es-asesinado-en-un-control-policial","status":"publish","type":"post","link":"https:\/\/radioprimiciapelluhue.cl\/?p=4270","title":{"rendered":"CARABINERO DE CHILL\u00c1N ES ASESINADO EN UN CONTROL POLICIAL"},"content":{"rendered":"\n<p><a href=\"https:\/\/www.facebook.com\/hashtag\/carabinero?__eep__=6&amp;__cft__%5b0%5d=AZUHXrUHuRfUzmisj2WvYG5i21yct6hdMeHa6AYk7PiV6vhX46BiKswR5V2fl-LjbGOotR6yM8PEs8B3p4fvJ_DgBuRsKOAvBAeoi7vt2K7zWS0qBNQ2ofkSRfU3Kbq6tVJ0-aKwN3RMKVyaYw-yCbDx&amp;__tn__=*NK-R\">#CARABINERO<\/a> MUERE ASESINADO EN MEDIO DE UN PROCEDIMIENTO POLICIAL REGISTRADO ESTA MADRUGADA EN LA CIUDAD DE CHILL\u00c1N.<\/p>\n\n\n\n<p>Carabinero fallece tras recibir disparo de delincuente el que fue abatido tras una persecuci\u00f3n, luego de control a veh\u00edculo donde descendieron y se dieron a la fuga: Identificado como Breant Washington Rivas de 23 a\u00f1os con dos a\u00f1os y 10 meses de servicio.<\/p>\n\n\n\n<p>(QEPD).<\/p>\n\n\n\n<p>El joven carabinero era soltero y ten\u00eda un hijo de 2 meses de vida. La Fiscal\u00eda de Chill\u00e1n encarg\u00f3 las diligencias respectivas a la Brigada de Homicidios de la PDI.<\/p>\n\n\n\n<p>Un carabinero de 23 a\u00f1os muri\u00f3 durante la madrugada de este jueves tras resultar herido a bala en un procedimiento policial en Chill\u00e1n, en la regi\u00f3n de \u00d1uble.<\/p>\n\n\n\n<p>A las 01:30 horas, efectivos policiales realizaron un control a un veh\u00edculo en el que se trasladaban 2 personas, quienes descendieron del auto y -tras un descuido de los carabineros- huyeron a pie y dejaron el veh\u00edculo abandonado.<\/p>\n\n\n\n<p>El carabinero Breant Washington Rivas Manr\u00edquez (23 a\u00f1os de edad y 2 a\u00f1os, 10 meses de servicio) inici\u00f3 su persecuci\u00f3n y logr\u00f3 la aprehensi\u00f3n de uno de ellos, un menor de edad de 16 a\u00f1os, en la intersecci\u00f3n de calles Eduardo Ossand\u00f3n con Pasaje Juan Francisco Gonz\u00e1lez.<\/p>\n\n\n\n<p>Sin embargo, en ese momento lleg\u00f3 un tercer individuo, no identificado y del cual no se conoce su injerencia en el procedimiento, quien portaba una pistola y efectu\u00f3 una cantidad indeterminada de disparos en contra del carabinero.<\/p>\n\n\n\n<p>Ante ello, el jefe de patrulla repeli\u00f3 la agresi\u00f3n del antisocial con su arma de fiscal, cuyo sujeto result\u00f3 lesionado y falleci\u00f3 en el lugar.<\/p>\n\n\n\n<p>En tanto, el Carabinero lesionado fue trasladado al Hospital Herminda Martin, donde producto de la gravedad de sus lesiones, falleci\u00f3 mientras recib\u00eda atenci\u00f3n m\u00e9dica.<\/p>\n\n\n\n<p>Se incaut\u00f3 el arma del antisocial abatido y desde el veh\u00edculo dosis de marihuana en cantidades peque\u00f1as.<\/p>\n\n\n\n<p>Tras el hecho, se dio cuenta a la Fiscal\u00eda Local de Chill\u00e1n, quienes encargaron a personal de la Brigada de Homicidios de la PDI las diligencias de rigor.<\/p>\n\n\n\n<p>El joven carabinero era soltero y ten\u00eda un hijo de 2 meses de vida.<\/p>\n\n\n\n<p><strong>Fuente En l\u00ednea Maule<\/strong><\/p>\n\n\n\n<p><a href=\"https:\/\/www.facebook.com\/enlineamaule\/photos\/a.678913088909451\/2611703275630413\/\">https:\/\/www.facebook.com\/enlineamaule\/photos\/a.678913088909451\/2611703275630413\/<\/a><\/p>\n\n\n\n<figure class=\"wp-block-image size-full\"><a href=\"http:\/\/radioprimiciapelluhue.cl\/wp-content\/uploads\/2022\/05\/WhatsApp-Image-2022-05-05-at-7.11.10-PM.jpeg\"><img loading=\"lazy\" decoding=\"async\" width=\"940\" height=\"932\" src=\"http:\/\/radioprimiciapelluhue.cl\/wp-content\/uploads\/2022\/05\/WhatsApp-Image-2022-05-05-at-7.11.10-PM.jpeg\" alt=\"\" class=\"wp-image-4271\" srcset=\"https:\/\/radioprimiciapelluhue.cl\/wp-content\/uploads\/2022\/05\/WhatsApp-Image-2022-05-05-at-7.11.10-PM.jpeg 940w, https:\/\/radioprimiciapelluhue.cl\/wp-content\/uploads\/2022\/05\/WhatsApp-Image-2022-05-05-at-7.11.10-PM-300x297.jpeg 300w, https:\/\/radioprimiciapelluhue.cl\/wp-content\/uploads\/2022\/05\/WhatsApp-Image-2022-05-05-at-7.11.10-PM-150x150.jpeg 150w, https:\/\/radioprimiciapelluhue.cl\/wp-content\/uploads\/2022\/05\/WhatsApp-Image-2022-05-05-at-7.11.10-PM-768x761.jpeg 768w, https:\/\/radioprimiciapelluhue.cl\/wp-content\/uploads\/2022\/05\/WhatsApp-Image-2022-05-05-at-7.11.10-PM-120x120.jpeg 120w\" sizes=\"auto, (max-width: 940px) 100vw, 940px\" \/><\/a><\/figure>\n","protected":false},"excerpt":{"rendered":"<p>#CARABINERO MUERE ASESINADO EN MEDIO DE UN PROCEDIMIENTO POLICIAL REGISTRADO ESTA MADRUGADA EN LA CIUDAD DE CHILL\u00c1N. Carabinero fallece tras recibir disparo de delincuente el que fue abatido tras una persecuci\u00f3n, luego de control a veh\u00edculo donde descendieron y se dieron a la fuga: Identificado como Breant Washington Rivas de 23 a\u00f1os con dos a\u00f1os [&hellip;]<\/p>\n","protected":false},"author":2,"featured_media":4268,"comment_status":"closed","ping_status":"closed","sticky":false,"template":"","format":"standard","meta":{"footnotes":""},"categories":[59],"tags":[],"class_list":["post-4270","post","type-post","status-publish","format-standard","has-post-thumbnail","hentry","category-policial"],"_links":{"self":[{"href":"https:\/\/radioprimiciapelluhue.cl\/index.php?rest_route=\/wp\/v2\/posts\/4270","targetHints":{"allow":["GET"]}}],"collection":[{"href":"https:\/\/radioprimiciapelluhue.cl\/index.php?rest_route=\/wp\/v2\/posts"}],"about":[{"href":"https:\/\/radioprimiciapelluhue.cl\/index.php?rest_route=\/wp\/v2\/types\/post"}],"author":[{"embeddable":true,"href":"https:\/\/radioprimiciapelluhue.cl\/index.php?rest_route=\/wp\/v2\/users\/2"}],"replies":[{"embeddable":true,"href":"https:\/\/radioprimiciapelluhue.cl\/index.php?rest_route=%2Fwp%2Fv2%2Fcomments&post=4270"}],"version-history":[{"count":1,"href":"https:\/\/radioprimiciapelluhue.cl\/index.php?rest_route=\/wp\/v2\/posts\/4270\/revisions"}],"predecessor-version":[{"id":4272,"href":"https:\/\/radioprimiciapelluhue.cl\/index.php?rest_route=\/wp\/v2\/posts\/4270\/revisions\/4272"}],"wp:featuredmedia":[{"embeddable":true,"href":"https:\/\/radioprimiciapelluhue.cl\/index.php?rest_route=\/wp\/v2\/media\/4268"}],"wp:attachment":[{"href":"https:\/\/radioprimiciapelluhue.cl\/index.php?rest_route=%2Fwp%2Fv2%2Fmedia&parent=4270"}],"wp:term":[{"taxonomy":"category","embeddable":true,"href":"https:\/\/radioprimiciapelluhue.cl\/index.php?rest_route=%2Fwp%2Fv2%2Fcategories&post=4270"},{"taxonomy":"post_tag","embeddable":true,"href":"https:\/\/radioprimiciapelluhue.cl\/index.php?rest_route=%2Fwp%2Fv2%2Ftags&post=4270"}],"curies":[{"name":"wp","href":"https:\/\/api.w.org\/{rel}","templated":true}]}}