{"id":4273,"date":"2022-05-07T18:16:11","date_gmt":"2022-05-07T22:16:11","guid":{"rendered":"http:\/\/radioprimiciapelluhue.cl\/?p=4273"},"modified":"2022-05-07T18:16:12","modified_gmt":"2022-05-07T22:16:12","slug":"carabineros-detuvo-a-una-mujer-por-receptacion-de-una-motocicleta-en-linares","status":"publish","type":"post","link":"https:\/\/radioprimiciapelluhue.cl\/?p=4273","title":{"rendered":"CARABINEROS DETUVO A UNA MUJER POR RECEPTACI\u00d3N DE UNA MOTOCICLETA EN LINARES."},"content":{"rendered":"\n<p>La que manten\u00eda encargo por Robo desde marzo de este a\u00f1o, desde la ciudad de San Javier.<br>En horas de la ma\u00f1ana de este viernes, en la Ruta L-45 Km. 8 sector San Antonio en la comuna de Linares, Carabineros quienes estaban realizando controles vehiculares y, tras fiscalizar una motocicleta que circulaba por el lugar, detectaron que registraba encargo por robo desde el mes de marzo del presente a\u00f1o desde la ciudad de San Javier.<br>Se detuvo a la mujer que la conduc\u00eda, de iniciales de H.C.C.V de 28 a\u00f1os de nacionalidad boliviana, siendo puesta a disposici\u00f3n de la justicia.<br>CARABINEROS DE CHILE, LA. PREVENCI\u00d3N ES NUESTRA ESENCIA.<\/p>\n\n\n\n<figure class=\"wp-block-image size-full\"><a href=\"http:\/\/radioprimiciapelluhue.cl\/wp-content\/uploads\/2022\/05\/WhatsApp-Image-2022-05-06-at-4.29.17-PM.jpeg\"><img loading=\"lazy\" decoding=\"async\" width=\"722\" height=\"544\" src=\"http:\/\/radioprimiciapelluhue.cl\/wp-content\/uploads\/2022\/05\/WhatsApp-Image-2022-05-06-at-4.29.17-PM.jpeg\" alt=\"\" class=\"wp-image-4274\" srcset=\"https:\/\/radioprimiciapelluhue.cl\/wp-content\/uploads\/2022\/05\/WhatsApp-Image-2022-05-06-at-4.29.17-PM.jpeg 722w, https:\/\/radioprimiciapelluhue.cl\/wp-content\/uploads\/2022\/05\/WhatsApp-Image-2022-05-06-at-4.29.17-PM-300x226.jpeg 300w\" sizes=\"auto, (max-width: 722px) 100vw, 722px\" \/><\/a><\/figure>\n","protected":false},"excerpt":{"rendered":"<p>La que manten\u00eda encargo por Robo desde marzo de este a\u00f1o, desde la ciudad de San Javier.En horas de la ma\u00f1ana de este viernes, en la Ruta L-45 Km. 8 sector San Antonio en la comuna de Linares, Carabineros quienes estaban realizando controles vehiculares y, tras fiscalizar una motocicleta que circulaba por el lugar, detectaron [&hellip;]<\/p>\n","protected":false},"author":2,"featured_media":4268,"comment_status":"closed","ping_status":"closed","sticky":false,"template":"","format":"standard","meta":{"footnotes":""},"categories":[59],"tags":[],"class_list":["post-4273","post","type-post","status-publish","format-standard","has-post-thumbnail","hentry","category-policial"],"_links":{"self":[{"href":"https:\/\/radioprimiciapelluhue.cl\/index.php?rest_route=\/wp\/v2\/posts\/4273","targetHints":{"allow":["GET"]}}],"collection":[{"href":"https:\/\/radioprimiciapelluhue.cl\/index.php?rest_route=\/wp\/v2\/posts"}],"about":[{"href":"https:\/\/radioprimiciapelluhue.cl\/index.php?rest_route=\/wp\/v2\/types\/post"}],"author":[{"embeddable":true,"href":"https:\/\/radioprimiciapelluhue.cl\/index.php?rest_route=\/wp\/v2\/users\/2"}],"replies":[{"embeddable":true,"href":"https:\/\/radioprimiciapelluhue.cl\/index.php?rest_route=%2Fwp%2Fv2%2Fcomments&post=4273"}],"version-history":[{"count":1,"href":"https:\/\/radioprimiciapelluhue.cl\/index.php?rest_route=\/wp\/v2\/posts\/4273\/revisions"}],"predecessor-version":[{"id":4275,"href":"https:\/\/radioprimiciapelluhue.cl\/index.php?rest_route=\/wp\/v2\/posts\/4273\/revisions\/4275"}],"wp:featuredmedia":[{"embeddable":true,"href":"https:\/\/radioprimiciapelluhue.cl\/index.php?rest_route=\/wp\/v2\/media\/4268"}],"wp:attachment":[{"href":"https:\/\/radioprimiciapelluhue.cl\/index.php?rest_route=%2Fwp%2Fv2%2Fmedia&parent=4273"}],"wp:term":[{"taxonomy":"category","embeddable":true,"href":"https:\/\/radioprimiciapelluhue.cl\/index.php?rest_route=%2Fwp%2Fv2%2Fcategories&post=4273"},{"taxonomy":"post_tag","embeddable":true,"href":"https:\/\/radioprimiciapelluhue.cl\/index.php?rest_route=%2Fwp%2Fv2%2Ftags&post=4273"}],"curies":[{"name":"wp","href":"https:\/\/api.w.org\/{rel}","templated":true}]}}