{"id":4276,"date":"2022-05-07T18:36:52","date_gmt":"2022-05-07T22:36:52","guid":{"rendered":"http:\/\/radioprimiciapelluhue.cl\/?p=4276"},"modified":"2022-05-07T18:36:53","modified_gmt":"2022-05-07T22:36:53","slug":"carabineros-detuvo-a-sujeto-por-receptacion-de-vehiculos-en-la-comuna-de-retiro","status":"publish","type":"post","link":"https:\/\/radioprimiciapelluhue.cl\/?p=4276","title":{"rendered":"CARABINEROS DETUVO A SUJETO POR RECEPTACI\u00d3N DE VEH\u00cdCULOS EN LA COMUNA DE RETIRO."},"content":{"rendered":"\n<p><strong>En horas de la noche de este jueves.<\/strong><\/p>\n\n\n\n<p><strong>En base a investigaciones preliminares, en horas de la tarde de este jueves en la Ruta L-621 km.5 en la comuna de Retiro, Carabineros de la Secci\u00f3n de Investigaci\u00f3n Policial (SIP) de la 3era. Comisar\u00eda de Parral, tras diversas estrategias policiales detectaron que en un domicilio particular de la comuna de Retiro se estaban desarrollando acciones sospechosas, detectado que un veh\u00edculo que se manten\u00eda en las cercan\u00edas manten\u00eda encargo vigente por robo, y posteriormente al ingresar al inmueble se encontraron dos m\u00f3viles, los que tambi\u00e9n manten\u00edan encargo vigente por robo. Recuperaron finalmente 3 veh\u00edculos;<\/strong><\/p>\n\n\n\n<p><strong>Un m\u00f3vil Station Wagon, marca kia, modelo soportales, color burdeo, con fecha de encargo del 5 de Mayo del 2022&nbsp; desde la ciudad de Talca; un veh\u00edculo Station Wagon, marca Hyundai, modelo Tucson, con fecha de encargo 25 de abril del 2022 desde la ciudad de Chill\u00e1n y un m\u00f3vil Station Wagon, marca hyndai, modelo Santa Fe, con fecha de encargo 26 de abril 2022 desde la ciudad de Linares.<\/strong><\/p>\n\n\n\n<p><strong>Posteriormente se detuvo al sujeto de iniciales N.M.M.R de 19 a\u00f1os, quien manten\u00eda prontuario policial, quien fue puesto a disposici\u00f3n de la justicia y, los veh\u00edculos fueron puestos a disposici\u00f3n de sus due\u00f1os, quienes agradecieron la labor policial de Carabineros del sector.<\/strong><\/p>\n\n\n\n<p><strong>CARABINEROS DE CHILE, LA PREVENCI\u00d3N ES NUESTRA ESENCIA.<\/strong><\/p>\n\n\n\n<figure class=\"wp-block-image size-large\"><a href=\"http:\/\/radioprimiciapelluhue.cl\/wp-content\/uploads\/2022\/05\/WhatsApp-Image-2022-05-06-at-8.43.56-PM.jpeg\"><img loading=\"lazy\" decoding=\"async\" width=\"1024\" height=\"307\" src=\"http:\/\/radioprimiciapelluhue.cl\/wp-content\/uploads\/2022\/05\/WhatsApp-Image-2022-05-06-at-8.43.56-PM-1024x307.jpeg\" alt=\"\" class=\"wp-image-4277\" srcset=\"https:\/\/radioprimiciapelluhue.cl\/wp-content\/uploads\/2022\/05\/WhatsApp-Image-2022-05-06-at-8.43.56-PM-1024x307.jpeg 1024w, https:\/\/radioprimiciapelluhue.cl\/wp-content\/uploads\/2022\/05\/WhatsApp-Image-2022-05-06-at-8.43.56-PM-300x90.jpeg 300w, https:\/\/radioprimiciapelluhue.cl\/wp-content\/uploads\/2022\/05\/WhatsApp-Image-2022-05-06-at-8.43.56-PM-768x230.jpeg 768w, https:\/\/radioprimiciapelluhue.cl\/wp-content\/uploads\/2022\/05\/WhatsApp-Image-2022-05-06-at-8.43.56-PM-1536x460.jpeg 1536w, https:\/\/radioprimiciapelluhue.cl\/wp-content\/uploads\/2022\/05\/WhatsApp-Image-2022-05-06-at-8.43.56-PM.jpeg 1600w\" sizes=\"auto, (max-width: 1024px) 100vw, 1024px\" \/><\/a><\/figure>\n","protected":false},"excerpt":{"rendered":"<p>En horas de la noche de este jueves. En base a investigaciones preliminares, en horas de la tarde de este jueves en la Ruta L-621 km.5 en la comuna de Retiro, Carabineros de la Secci\u00f3n de Investigaci\u00f3n Policial (SIP) de la 3era. Comisar\u00eda de Parral, tras diversas estrategias policiales detectaron que en un domicilio particular [&hellip;]<\/p>\n","protected":false},"author":2,"featured_media":4268,"comment_status":"closed","ping_status":"closed","sticky":false,"template":"","format":"standard","meta":{"footnotes":""},"categories":[59],"tags":[],"class_list":["post-4276","post","type-post","status-publish","format-standard","has-post-thumbnail","hentry","category-policial"],"_links":{"self":[{"href":"https:\/\/radioprimiciapelluhue.cl\/index.php?rest_route=\/wp\/v2\/posts\/4276","targetHints":{"allow":["GET"]}}],"collection":[{"href":"https:\/\/radioprimiciapelluhue.cl\/index.php?rest_route=\/wp\/v2\/posts"}],"about":[{"href":"https:\/\/radioprimiciapelluhue.cl\/index.php?rest_route=\/wp\/v2\/types\/post"}],"author":[{"embeddable":true,"href":"https:\/\/radioprimiciapelluhue.cl\/index.php?rest_route=\/wp\/v2\/users\/2"}],"replies":[{"embeddable":true,"href":"https:\/\/radioprimiciapelluhue.cl\/index.php?rest_route=%2Fwp%2Fv2%2Fcomments&post=4276"}],"version-history":[{"count":1,"href":"https:\/\/radioprimiciapelluhue.cl\/index.php?rest_route=\/wp\/v2\/posts\/4276\/revisions"}],"predecessor-version":[{"id":4278,"href":"https:\/\/radioprimiciapelluhue.cl\/index.php?rest_route=\/wp\/v2\/posts\/4276\/revisions\/4278"}],"wp:featuredmedia":[{"embeddable":true,"href":"https:\/\/radioprimiciapelluhue.cl\/index.php?rest_route=\/wp\/v2\/media\/4268"}],"wp:attachment":[{"href":"https:\/\/radioprimiciapelluhue.cl\/index.php?rest_route=%2Fwp%2Fv2%2Fmedia&parent=4276"}],"wp:term":[{"taxonomy":"category","embeddable":true,"href":"https:\/\/radioprimiciapelluhue.cl\/index.php?rest_route=%2Fwp%2Fv2%2Fcategories&post=4276"},{"taxonomy":"post_tag","embeddable":true,"href":"https:\/\/radioprimiciapelluhue.cl\/index.php?rest_route=%2Fwp%2Fv2%2Ftags&post=4276"}],"curies":[{"name":"wp","href":"https:\/\/api.w.org\/{rel}","templated":true}]}}