{"id":4279,"date":"2022-05-10T15:44:22","date_gmt":"2022-05-10T19:44:22","guid":{"rendered":"http:\/\/radioprimiciapelluhue.cl\/?p=4279"},"modified":"2022-05-10T15:44:23","modified_gmt":"2022-05-10T19:44:23","slug":"senadora-rincon-y-acuerdo-nacional-por-seguridad-ciudadana-valoramos-que-gobierno-nos-escuche","status":"publish","type":"post","link":"https:\/\/radioprimiciapelluhue.cl\/?p=4279","title":{"rendered":"Senadora Rinc\u00f3n y Acuerdo Nacional por Seguridad Ciudadana: \u201cValoramos que gobierno nos escuche\u201d"},"content":{"rendered":"\n<p>Junto a su par, Mat\u00edas Walker, la Senadora por el Maule y jefa de la Bancada DC se runi\u00f3 con el Presidente de la Rep\u00fablica para abordar temas como seguridad y costo de la vida. \u201cY le manifestamos al gobierno toda nuestra voluntad de avanzar en una agenda legislativa para dar certezas en temas que son preocupaci\u00f3n central en los hogares chilenos\u201d, asegur\u00f3 la legisladora<\/p>\n\n\n\n<p>Tras una extensa reuni\u00f3n con el Presidente de la Rep\u00fablica, Gabriel Boric y el Ministro Secretario General de la Presidencia, Giorgio Jackson, la Senadora por el Maule y jefa de la bancada Dem\u00f3crata Cristiana, Ximena Rinc\u00f3n Gonz\u00e1lez, dijo que acoge \u201cel llamado del Presidente de la Rep\u00fablica a crear un gran acuerdo en materia de seguridad ciudadana no s\u00f3lo respecto a la agenda legislativa, sino que tambi\u00e9n con c\u00f3mo resguardamos la infraestructura que dice relaci\u00f3n con los servicios b\u00e1sicos y las carreteras\u201d.<\/p>\n\n\n\n<p>Acompa\u00f1ada del sub jefe de Bancada, Mat\u00edas Walker, la legisladora valor\u00f3 que el Gobierno haya escuchado los planteamientos realizados por los senadores y diputados de su partido el tres de mayo pasado, cuando establecieron una hoja de ruta para enfrentar los dif\u00edciles momentos que vive el pa\u00eds.<\/p>\n\n\n\n<p>\u201cLa DC valora que el gobierno nos haya escuchado, el tres de mayo las bancadas de diputados y senadores de la DC, planteamos la necesidad de que chilenos y chilenas tuvieran certezas y vivieran con seguridad, y en el marco de la agenda para \u2018Ordenar la Casa\u2019 planteamos seis medidas para proteger a la ciudadan\u00eda: Nuevo Ministerio de Seguridad Interior y Polic\u00edas, Golpe al narcotr\u00e1fico, Tolerancia cero a las asociaciones il\u00edcitas, Seguridad de g\u00e9nero e infancia, Ley de Control de Armas, Seguridad en Ley de Migraci\u00f3n.&nbsp; Y por supuesto, el estado intermedio o ley de infraestructura cr\u00edtica\u201d, detall\u00f3 Ximena Rinc\u00f3n.<\/p>\n\n\n\n<p>Asimismo, la legisladora DC coment\u00f3 que \u201chay que actuar con seriedad, responsabilidad y coherencia. Por lo mismo, nos sentimos muy contentos que el gobierno recoja lo que planteamos el d\u00eda tres de mayo\u201d.<\/p>\n\n\n\n<p>Por su parte, el subjefe de bancada de los senadores DC, Mat\u00edas Walker, puntualiz\u00f3 que acogen \u201cel llamado del Presidente de la Rep\u00fablica a crear un gran acuerdo en materia de seguridad ciudadana, que no solo dice relaci\u00f3n con la agenda legislativa, sino que tambi\u00e9n c\u00f3mo resguardamos la infraestructura que dice relaci\u00f3n con los servicios b\u00e1sicos y las carreteras, c\u00f3mo enfrentamos el narcotr\u00e1fico, el crimen organizado, la delincuencia y el terrorismo con todas las herramientas del estado de derecho.\u00a0 Y c\u00f3mo recuperamos los espacios p\u00fablicos para la gente con m\u00e1s presencia efectiva de Carabineros, pero tambi\u00e9n con m\u00e1s \u00e1reas verdes en los barrios y m\u00e1s lugares para que los ni\u00f1os puedan crecer de manera segura\u201d.<\/p>\n\n\n\n<figure class=\"wp-block-image size-large\"><a href=\"http:\/\/radioprimiciapelluhue.cl\/wp-content\/uploads\/2022\/05\/05-09-acuerdo-nacional-por-seguridad-ciudadana.jpeg\"><img loading=\"lazy\" decoding=\"async\" width=\"1024\" height=\"768\" src=\"http:\/\/radioprimiciapelluhue.cl\/wp-content\/uploads\/2022\/05\/05-09-acuerdo-nacional-por-seguridad-ciudadana-1024x768.jpeg\" alt=\"\" class=\"wp-image-4280\" srcset=\"https:\/\/radioprimiciapelluhue.cl\/wp-content\/uploads\/2022\/05\/05-09-acuerdo-nacional-por-seguridad-ciudadana-1024x768.jpeg 1024w, https:\/\/radioprimiciapelluhue.cl\/wp-content\/uploads\/2022\/05\/05-09-acuerdo-nacional-por-seguridad-ciudadana-300x225.jpeg 300w, https:\/\/radioprimiciapelluhue.cl\/wp-content\/uploads\/2022\/05\/05-09-acuerdo-nacional-por-seguridad-ciudadana-768x576.jpeg 768w, https:\/\/radioprimiciapelluhue.cl\/wp-content\/uploads\/2022\/05\/05-09-acuerdo-nacional-por-seguridad-ciudadana.jpeg 1156w\" sizes=\"auto, (max-width: 1024px) 100vw, 1024px\" \/><\/a><\/figure>\n","protected":false},"excerpt":{"rendered":"<p>Junto a su par, Mat\u00edas Walker, la Senadora por el Maule y jefa de la Bancada DC se runi\u00f3 con el Presidente de la Rep\u00fablica para abordar temas como seguridad y costo de la vida. \u201cY le manifestamos al gobierno toda nuestra voluntad de avanzar en una agenda legislativa para dar certezas en temas que [&hellip;]<\/p>\n","protected":false},"author":2,"featured_media":4281,"comment_status":"closed","ping_status":"closed","sticky":false,"template":"","format":"standard","meta":{"footnotes":""},"categories":[60],"tags":[],"class_list":["post-4279","post","type-post","status-publish","format-standard","has-post-thumbnail","hentry","category-politica"],"_links":{"self":[{"href":"https:\/\/radioprimiciapelluhue.cl\/index.php?rest_route=\/wp\/v2\/posts\/4279","targetHints":{"allow":["GET"]}}],"collection":[{"href":"https:\/\/radioprimiciapelluhue.cl\/index.php?rest_route=\/wp\/v2\/posts"}],"about":[{"href":"https:\/\/radioprimiciapelluhue.cl\/index.php?rest_route=\/wp\/v2\/types\/post"}],"author":[{"embeddable":true,"href":"https:\/\/radioprimiciapelluhue.cl\/index.php?rest_route=\/wp\/v2\/users\/2"}],"replies":[{"embeddable":true,"href":"https:\/\/radioprimiciapelluhue.cl\/index.php?rest_route=%2Fwp%2Fv2%2Fcomments&post=4279"}],"version-history":[{"count":1,"href":"https:\/\/radioprimiciapelluhue.cl\/index.php?rest_route=\/wp\/v2\/posts\/4279\/revisions"}],"predecessor-version":[{"id":4282,"href":"https:\/\/radioprimiciapelluhue.cl\/index.php?rest_route=\/wp\/v2\/posts\/4279\/revisions\/4282"}],"wp:featuredmedia":[{"embeddable":true,"href":"https:\/\/radioprimiciapelluhue.cl\/index.php?rest_route=\/wp\/v2\/media\/4281"}],"wp:attachment":[{"href":"https:\/\/radioprimiciapelluhue.cl\/index.php?rest_route=%2Fwp%2Fv2%2Fmedia&parent=4279"}],"wp:term":[{"taxonomy":"category","embeddable":true,"href":"https:\/\/radioprimiciapelluhue.cl\/index.php?rest_route=%2Fwp%2Fv2%2Fcategories&post=4279"},{"taxonomy":"post_tag","embeddable":true,"href":"https:\/\/radioprimiciapelluhue.cl\/index.php?rest_route=%2Fwp%2Fv2%2Ftags&post=4279"}],"curies":[{"name":"wp","href":"https:\/\/api.w.org\/{rel}","templated":true}]}}