{"id":4286,"date":"2022-05-12T15:28:12","date_gmt":"2022-05-12T19:28:12","guid":{"rendered":"http:\/\/radioprimiciapelluhue.cl\/?p=4286"},"modified":"2022-05-12T15:28:13","modified_gmt":"2022-05-12T19:28:13","slug":"senadora-rincon-y-dia-del-futbolista-amateur-esta-a-un-paso-de-ser-ley","status":"publish","type":"post","link":"https:\/\/radioprimiciapelluhue.cl\/?p=4286","title":{"rendered":"Senadora Rinc\u00f3n y D\u00eda del Futbolista Amateur: \u201cEst\u00e1 a un paso de ser ley\u201d"},"content":{"rendered":"\n<p>Dijo que despu\u00e9s de una larga espera, la iniciativa fue aprobada en la Comisi\u00f3n de Educaci\u00f3n y ahora debe ser ratificada en Sala.&nbsp; \u201cSe trata de una actividad muy relevante que moviliza cada semana a miles de familias.&nbsp; El primer domingo de diciembre de cada a\u00f1o se va a conmemorar esta fecha\u201d, asegur\u00f3 la legisladora<\/p>\n\n\n\n<p>A un paso de ser ley qued\u00f3 la conmemoraci\u00f3n del D\u00eda Nacional del Futbolista Amateur, luego que la comisi\u00f3n de Educaci\u00f3n aprobara el proyecto , el que ahora debe ser aprobado en Sala.&nbsp; As\u00ed lo inform\u00f3 la senadora por el Maule, Ximena Rinc\u00f3n Gonz\u00e1lez, quien recalc\u00f3 que har\u00e1 todas las gestiones necesarias desde la jefatura de la Bancada Dem\u00f3crata Cristiana para que esta anhelada iniciativa sea aprobada por el pleno durante la pr\u00f3xima semana.<\/p>\n\n\n\n<p>\u201cEstamos felices, porque hemos apoyado con fuerza la creaci\u00f3n del D\u00eda Nacional del Futbolista Amateur, porque si hay una pr\u00e1ctica importante en nuestras comunas y regiones, no s\u00f3lo en la parte urbana, sino que tambi\u00e9n en la ruralidad, es el f\u00fatbol amateur.&nbsp; Es importante, porque en torno al deporte moviliza a miles de familias, por lo que ahora el primer domingo de cada a\u00f1o vamos a conmemorar esta fecha, gracias a las gestiones de dirigentes, en su mayor\u00eda de la regi\u00f3n del Maule, que se la jugaron por crear esta conmemoraci\u00f3n\u201d, asegur\u00f3 la legisladora.<\/p>\n\n\n\n<p>Cabe se\u00f1alar que s\u00f3lo la Asociaci\u00f3n Nacional de F\u00fatbol Amateur tiene casi un mill\u00f3n de jugadores inscritos, entre ni\u00f1os, mujeres y varones.&nbsp; Eso, sin considerar a una cantidad similar que juega en ligares rurales, vecinales y privadas a lo largo y ancho del pa\u00eds.<\/p>\n\n\n\n<p>\u201cCada fin de semana, miles de personas hacen deporte, comparten y se entretienen con sus amigos y familias en torno al deporte amateur.&nbsp; Hay gente que vive en torno a esta actividad como medios de comunicaci\u00f3n, \u00e1rbitros o comerciantes, lo que marca la importancia que el futbol aficionado tiene para el pa\u00eds, lo que merece un reconocimiento\u201d, expres\u00f3 la parlamentaria.<\/p>\n\n\n\n<p>Finalmente, Ximena Rinc\u00f3n dijo que si bien el f\u00fatbol amateur tiene su d\u00eda, debe haber m\u00e1s gestos hacia una actividad con alta importancia social.\u00a0 Al respecto, dijo que debe evaluarse como se ayuda desde el Estado en temas importantes como la realizaci\u00f3n de ex\u00e1menes preventivos, tratamientos de lesiones graves y un programa que permita crear, mejorar y mantener los recintos que reciben a los futbolistas aficionados.<\/p>\n\n\n\n<figure class=\"wp-block-image size-large\"><a href=\"http:\/\/radioprimiciapelluhue.cl\/wp-content\/uploads\/2022\/05\/05-12-di\u0301a-futbolista-amateur.jpeg\"><img loading=\"lazy\" decoding=\"async\" width=\"1024\" height=\"766\" src=\"http:\/\/radioprimiciapelluhue.cl\/wp-content\/uploads\/2022\/05\/05-12-di\u0301a-futbolista-amateur-1024x766.jpeg\" alt=\"\" class=\"wp-image-4287\" srcset=\"https:\/\/radioprimiciapelluhue.cl\/wp-content\/uploads\/2022\/05\/05-12-di\u0301a-futbolista-amateur-1024x766.jpeg 1024w, https:\/\/radioprimiciapelluhue.cl\/wp-content\/uploads\/2022\/05\/05-12-di\u0301a-futbolista-amateur-300x225.jpeg 300w, https:\/\/radioprimiciapelluhue.cl\/wp-content\/uploads\/2022\/05\/05-12-di\u0301a-futbolista-amateur-768x575.jpeg 768w, https:\/\/radioprimiciapelluhue.cl\/wp-content\/uploads\/2022\/05\/05-12-di\u0301a-futbolista-amateur.jpeg 1280w\" sizes=\"auto, (max-width: 1024px) 100vw, 1024px\" \/><\/a><\/figure>\n","protected":false},"excerpt":{"rendered":"<p>Dijo que despu\u00e9s de una larga espera, la iniciativa fue aprobada en la Comisi\u00f3n de Educaci\u00f3n y ahora debe ser ratificada en Sala.&nbsp; \u201cSe trata de una actividad muy relevante que moviliza cada semana a miles de familias.&nbsp; El primer domingo de diciembre de cada a\u00f1o se va a conmemorar esta fecha\u201d, asegur\u00f3 la legisladora [&hellip;]<\/p>\n","protected":false},"author":2,"featured_media":4288,"comment_status":"closed","ping_status":"closed","sticky":false,"template":"","format":"standard","meta":{"footnotes":""},"categories":[60],"tags":[],"class_list":["post-4286","post","type-post","status-publish","format-standard","has-post-thumbnail","hentry","category-politica"],"_links":{"self":[{"href":"https:\/\/radioprimiciapelluhue.cl\/index.php?rest_route=\/wp\/v2\/posts\/4286","targetHints":{"allow":["GET"]}}],"collection":[{"href":"https:\/\/radioprimiciapelluhue.cl\/index.php?rest_route=\/wp\/v2\/posts"}],"about":[{"href":"https:\/\/radioprimiciapelluhue.cl\/index.php?rest_route=\/wp\/v2\/types\/post"}],"author":[{"embeddable":true,"href":"https:\/\/radioprimiciapelluhue.cl\/index.php?rest_route=\/wp\/v2\/users\/2"}],"replies":[{"embeddable":true,"href":"https:\/\/radioprimiciapelluhue.cl\/index.php?rest_route=%2Fwp%2Fv2%2Fcomments&post=4286"}],"version-history":[{"count":1,"href":"https:\/\/radioprimiciapelluhue.cl\/index.php?rest_route=\/wp\/v2\/posts\/4286\/revisions"}],"predecessor-version":[{"id":4289,"href":"https:\/\/radioprimiciapelluhue.cl\/index.php?rest_route=\/wp\/v2\/posts\/4286\/revisions\/4289"}],"wp:featuredmedia":[{"embeddable":true,"href":"https:\/\/radioprimiciapelluhue.cl\/index.php?rest_route=\/wp\/v2\/media\/4288"}],"wp:attachment":[{"href":"https:\/\/radioprimiciapelluhue.cl\/index.php?rest_route=%2Fwp%2Fv2%2Fmedia&parent=4286"}],"wp:term":[{"taxonomy":"category","embeddable":true,"href":"https:\/\/radioprimiciapelluhue.cl\/index.php?rest_route=%2Fwp%2Fv2%2Fcategories&post=4286"},{"taxonomy":"post_tag","embeddable":true,"href":"https:\/\/radioprimiciapelluhue.cl\/index.php?rest_route=%2Fwp%2Fv2%2Ftags&post=4286"}],"curies":[{"name":"wp","href":"https:\/\/api.w.org\/{rel}","templated":true}]}}