{"id":4291,"date":"2022-05-15T12:58:43","date_gmt":"2022-05-15T16:58:43","guid":{"rendered":"http:\/\/radioprimiciapelluhue.cl\/?p=4291"},"modified":"2022-05-15T12:58:44","modified_gmt":"2022-05-15T16:58:44","slug":"convencionales-dan-por-cerrado-el-debate-constitucional","status":"publish","type":"post","link":"https:\/\/radioprimiciapelluhue.cl\/?p=4291","title":{"rendered":"<strong>Convencionales dan por cerrado el debate constitucional<\/strong>"},"content":{"rendered":"\n<p><strong>fuente 24 Horas<\/strong><\/p>\n\n\n\n<p>Cerca de las 20.00 horas del s\u00e1bado 14 de mayo, la presidenta de la Convenci\u00f3n Constitucional, Mar\u00eda Elisa Quinteros, proclam\u00f3 como cerrado el debate constitucional.<\/p>\n\n\n\n<p>En la sesi\u00f3n 103 del pleno y luego de votar las \u00faltimas normas permanentes, lleg\u00f3 a su fin el proceso para incorporar art\u00edculos en el borrador de nueva Carta Magna. Ahora viene el trabajo de las comisiones de pre\u00e1mbulo, normas transitorias y armonizaci\u00f3n de cara al plebiscito de salida. Revisa todas las normas aprobadas en nuestra secci\u00f3n especial.<\/p>\n\n\n\n<p><a href=\"https:\/\/www.24horas.cl\/convencionconstituyente\/convencionales-dan-por-cerrados-el-debate-constitucional--5303386?fbclid=IwAR1XAMwi69pbnpq1bq7erfPZBOJTP3Ip2ZGojIzN9S-aQd3Ixn28Xf3uhFI\">https:\/\/www.24horas.cl\/convencionconstituyente\/convencionales-dan-por-cerrados-el-debate-constitucional&#8211;5303386?fbclid=IwAR1XAMwi69pbnpq1bq7erfPZBOJTP3Ip2ZGojIzN9S-aQd3Ixn28Xf3uhFI<\/a><\/p>\n\n\n\n<figure class=\"wp-block-image size-large\"><a href=\"http:\/\/radioprimiciapelluhue.cl\/wp-content\/uploads\/2022\/05\/Convencionales-dan-por-cerrado-el-debate-constitucional.jpg\"><img loading=\"lazy\" decoding=\"async\" width=\"1024\" height=\"576\" src=\"http:\/\/radioprimiciapelluhue.cl\/wp-content\/uploads\/2022\/05\/Convencionales-dan-por-cerrado-el-debate-constitucional-1024x576.jpg\" alt=\"\" class=\"wp-image-4292\" srcset=\"https:\/\/radioprimiciapelluhue.cl\/wp-content\/uploads\/2022\/05\/Convencionales-dan-por-cerrado-el-debate-constitucional-1024x576.jpg 1024w, https:\/\/radioprimiciapelluhue.cl\/wp-content\/uploads\/2022\/05\/Convencionales-dan-por-cerrado-el-debate-constitucional-300x169.jpg 300w, https:\/\/radioprimiciapelluhue.cl\/wp-content\/uploads\/2022\/05\/Convencionales-dan-por-cerrado-el-debate-constitucional-768x432.jpg 768w, https:\/\/radioprimiciapelluhue.cl\/wp-content\/uploads\/2022\/05\/Convencionales-dan-por-cerrado-el-debate-constitucional-727x409.jpg 727w, https:\/\/radioprimiciapelluhue.cl\/wp-content\/uploads\/2022\/05\/Convencionales-dan-por-cerrado-el-debate-constitucional-1110x624.jpg 1110w, https:\/\/radioprimiciapelluhue.cl\/wp-content\/uploads\/2022\/05\/Convencionales-dan-por-cerrado-el-debate-constitucional-720x406.jpg 720w, https:\/\/radioprimiciapelluhue.cl\/wp-content\/uploads\/2022\/05\/Convencionales-dan-por-cerrado-el-debate-constitucional-750x422.jpg 750w, https:\/\/radioprimiciapelluhue.cl\/wp-content\/uploads\/2022\/05\/Convencionales-dan-por-cerrado-el-debate-constitucional.jpg 1366w\" sizes=\"auto, (max-width: 1024px) 100vw, 1024px\" \/><\/a><\/figure>\n","protected":false},"excerpt":{"rendered":"<p>fuente 24 Horas Cerca de las 20.00 horas del s\u00e1bado 14 de mayo, la presidenta de la Convenci\u00f3n Constitucional, Mar\u00eda Elisa Quinteros, proclam\u00f3 como cerrado el debate constitucional. En la sesi\u00f3n 103 del pleno y luego de votar las \u00faltimas normas permanentes, lleg\u00f3 a su fin el proceso para incorporar art\u00edculos en el borrador de [&hellip;]<\/p>\n","protected":false},"author":2,"featured_media":4293,"comment_status":"closed","ping_status":"closed","sticky":false,"template":"","format":"standard","meta":{"footnotes":""},"categories":[63],"tags":[],"class_list":["post-4291","post","type-post","status-publish","format-standard","has-post-thumbnail","hentry","category-convencion-constituyente"],"_links":{"self":[{"href":"https:\/\/radioprimiciapelluhue.cl\/index.php?rest_route=\/wp\/v2\/posts\/4291","targetHints":{"allow":["GET"]}}],"collection":[{"href":"https:\/\/radioprimiciapelluhue.cl\/index.php?rest_route=\/wp\/v2\/posts"}],"about":[{"href":"https:\/\/radioprimiciapelluhue.cl\/index.php?rest_route=\/wp\/v2\/types\/post"}],"author":[{"embeddable":true,"href":"https:\/\/radioprimiciapelluhue.cl\/index.php?rest_route=\/wp\/v2\/users\/2"}],"replies":[{"embeddable":true,"href":"https:\/\/radioprimiciapelluhue.cl\/index.php?rest_route=%2Fwp%2Fv2%2Fcomments&post=4291"}],"version-history":[{"count":1,"href":"https:\/\/radioprimiciapelluhue.cl\/index.php?rest_route=\/wp\/v2\/posts\/4291\/revisions"}],"predecessor-version":[{"id":4294,"href":"https:\/\/radioprimiciapelluhue.cl\/index.php?rest_route=\/wp\/v2\/posts\/4291\/revisions\/4294"}],"wp:featuredmedia":[{"embeddable":true,"href":"https:\/\/radioprimiciapelluhue.cl\/index.php?rest_route=\/wp\/v2\/media\/4293"}],"wp:attachment":[{"href":"https:\/\/radioprimiciapelluhue.cl\/index.php?rest_route=%2Fwp%2Fv2%2Fmedia&parent=4291"}],"wp:term":[{"taxonomy":"category","embeddable":true,"href":"https:\/\/radioprimiciapelluhue.cl\/index.php?rest_route=%2Fwp%2Fv2%2Fcategories&post=4291"},{"taxonomy":"post_tag","embeddable":true,"href":"https:\/\/radioprimiciapelluhue.cl\/index.php?rest_route=%2Fwp%2Fv2%2Ftags&post=4291"}],"curies":[{"name":"wp","href":"https:\/\/api.w.org\/{rel}","templated":true}]}}