{"id":4298,"date":"2022-05-15T13:34:52","date_gmt":"2022-05-15T17:34:52","guid":{"rendered":"http:\/\/radioprimiciapelluhue.cl\/?p=4298"},"modified":"2022-05-15T13:34:52","modified_gmt":"2022-05-15T17:34:52","slug":"robo-en-casa-de-ministra-de-defensa-maya-fernandez","status":"publish","type":"post","link":"https:\/\/radioprimiciapelluhue.cl\/?p=4298","title":{"rendered":"ROBO EN CASA DE MINISTRA DE DEFENSA MAYA FERNANDEZ"},"content":{"rendered":"\n<p>El pasado viernes 13 de mayo alrededor de las 20:00 horas antisociales ingresaron al domicilio de la Ministra de Defensa maya Fern\u00e1ndez, donde ella no se encontraba siendo su marido e hijo maniatados parta posteriormente robar y sustraer el veh\u00edculo de la casa.<\/p>\n\n\n\n<p>Durante la noche de este s\u00e1bado 14 de mayo el Departamento de Encargo de Personas y Veh\u00edculos confirm\u00f3 la recuperaci\u00f3n del autom\u00f3vil en la poblaci\u00f3n lo Hermida de la comuna de Pe\u00f1alol\u00e9n<\/p>\n\n\n\n<p>Seg\u00fan inform\u00f3 la polic\u00eda, los asaltantes lograron sustraer diferentes art\u00edculo tecnol\u00f3gicos y de valor, adem\u00e1s del autom\u00f3vil, el cual utilizaron para escapar y que fue recuperado por Carabineros.<\/p>\n\n\n\n<p>Fuente 24 horas<\/p>\n\n\n\n<p><a href=\"https:\/\/www.24horas.cl\/nacional\/recuperan-auto-robado-desde-el-domicilio-de-la-ministra-maya-fernandez-5303438\">https:\/\/www.24horas.cl\/nacional\/recuperan-auto-robado-desde-el-domicilio-de-la-ministra-maya-fernandez-5303438<\/a><\/p>\n\n\n\n<figure class=\"wp-block-image size-full\"><a href=\"http:\/\/radioprimiciapelluhue.cl\/wp-content\/uploads\/2022\/05\/file_20220515003254.jpg\"><img loading=\"lazy\" decoding=\"async\" width=\"710\" height=\"399\" src=\"http:\/\/radioprimiciapelluhue.cl\/wp-content\/uploads\/2022\/05\/file_20220515003254.jpg\" alt=\"\" class=\"wp-image-4299\" srcset=\"https:\/\/radioprimiciapelluhue.cl\/wp-content\/uploads\/2022\/05\/file_20220515003254.jpg 710w, https:\/\/radioprimiciapelluhue.cl\/wp-content\/uploads\/2022\/05\/file_20220515003254-300x169.jpg 300w\" sizes=\"auto, (max-width: 710px) 100vw, 710px\" \/><\/a><\/figure>\n","protected":false},"excerpt":{"rendered":"<p>El pasado viernes 13 de mayo alrededor de las 20:00 horas antisociales ingresaron al domicilio de la Ministra de Defensa maya Fern\u00e1ndez, donde ella no se encontraba siendo su marido e hijo maniatados parta posteriormente robar y sustraer el veh\u00edculo de la casa. Durante la noche de este s\u00e1bado 14 de mayo el Departamento de [&hellip;]<\/p>\n","protected":false},"author":2,"featured_media":4300,"comment_status":"closed","ping_status":"closed","sticky":false,"template":"","format":"standard","meta":{"footnotes":""},"categories":[59],"tags":[],"class_list":["post-4298","post","type-post","status-publish","format-standard","has-post-thumbnail","hentry","category-policial"],"_links":{"self":[{"href":"https:\/\/radioprimiciapelluhue.cl\/index.php?rest_route=\/wp\/v2\/posts\/4298","targetHints":{"allow":["GET"]}}],"collection":[{"href":"https:\/\/radioprimiciapelluhue.cl\/index.php?rest_route=\/wp\/v2\/posts"}],"about":[{"href":"https:\/\/radioprimiciapelluhue.cl\/index.php?rest_route=\/wp\/v2\/types\/post"}],"author":[{"embeddable":true,"href":"https:\/\/radioprimiciapelluhue.cl\/index.php?rest_route=\/wp\/v2\/users\/2"}],"replies":[{"embeddable":true,"href":"https:\/\/radioprimiciapelluhue.cl\/index.php?rest_route=%2Fwp%2Fv2%2Fcomments&post=4298"}],"version-history":[{"count":1,"href":"https:\/\/radioprimiciapelluhue.cl\/index.php?rest_route=\/wp\/v2\/posts\/4298\/revisions"}],"predecessor-version":[{"id":4301,"href":"https:\/\/radioprimiciapelluhue.cl\/index.php?rest_route=\/wp\/v2\/posts\/4298\/revisions\/4301"}],"wp:featuredmedia":[{"embeddable":true,"href":"https:\/\/radioprimiciapelluhue.cl\/index.php?rest_route=\/wp\/v2\/media\/4300"}],"wp:attachment":[{"href":"https:\/\/radioprimiciapelluhue.cl\/index.php?rest_route=%2Fwp%2Fv2%2Fmedia&parent=4298"}],"wp:term":[{"taxonomy":"category","embeddable":true,"href":"https:\/\/radioprimiciapelluhue.cl\/index.php?rest_route=%2Fwp%2Fv2%2Fcategories&post=4298"},{"taxonomy":"post_tag","embeddable":true,"href":"https:\/\/radioprimiciapelluhue.cl\/index.php?rest_route=%2Fwp%2Fv2%2Ftags&post=4298"}],"curies":[{"name":"wp","href":"https:\/\/api.w.org\/{rel}","templated":true}]}}