{"id":4303,"date":"2022-05-20T10:15:28","date_gmt":"2022-05-20T14:15:28","guid":{"rendered":"http:\/\/radioprimiciapelluhue.cl\/?p=4303"},"modified":"2022-05-20T10:15:29","modified_gmt":"2022-05-20T14:15:29","slug":"senadora-rincon-pide-intervencion-de-defensoria-de-la-ninez-por-denuncia-de-apremio-a-dirigenta-escolar","status":"publish","type":"post","link":"https:\/\/radioprimiciapelluhue.cl\/?p=4303","title":{"rendered":"Senadora Rinc\u00f3n pide intervenci\u00f3n de Defensor\u00eda de la Ni\u00f1ez por denuncia de apremio a dirigenta escolar"},"content":{"rendered":"\n<p>Dijo que la prioridad en este caso debe ser la estudiante del Liceo de Pelluhue, por lo que espera que la Defensor\u00eda act\u00fae de oficio para protegerla&nbsp; durante el proceso, en el que se decret\u00f3 orden de alejamiento contra el Delegado Provincial de Cauquenes. &nbsp;\u201cEs triste ver como se intenta sacar provecho pol\u00edtico y no hay preocupaci\u00f3n alguna por la menor.&nbsp; Ella debe ser el centro de atenci\u00f3n y si la justicia ratifica los hechos, la autoridad involucrada deber\u00e1 dar un paso al costado y si no, podr\u00e1 continuar, pero no nos perdamos en que ac\u00e1 lo relevante es la ni\u00f1a\u201d, asegur\u00f3 la parlamentaria<\/p>\n\n\n\n<p>La necesidad de que la Defensor\u00eda de la Ni\u00f1ez act\u00fae de oficio para proteger a la dirigente&nbsp; estudiantil del Liceo de Pelluhue que denunci\u00f3 amenazas en su contra por parte de un grupo de personas, entre las que se encuentra el Delegado Provincial, Juan Reyes Quiroz, plante\u00f3 la Senadora por el Maule, Ximena Rinc\u00f3n Gonz\u00e1lez, quien llam\u00f3 a los actores pol\u00edticos a no sacar provecho de un caso en que la preocupaci\u00f3n central debe ser la ni\u00f1a.<\/p>\n\n\n\n<p>En este sentido, la legisladora asegur\u00f3 que debe haber una preocupaci\u00f3n total y absoluta por la adolescente durante todo el proceso en el que ya el Juzgado de Letras y Garant\u00eda con competencia en Familia de la comuna de Chanco, decret\u00f3 una medida de protecci\u00f3n a favor de la menor de 17 a\u00f1os, que consiste en una orden de alejamiento a la adolescente por parte del Delegado Presidencial Provincial.<\/p>\n\n\n\n<p>\u201cAc\u00e1 la prioridad uno no es otra que la seguridad f\u00edsica y psicol\u00f3gica de la dirigenta estudiantil del Liceo de Pelluhue, por lo que espero que la Defensor\u00eda act\u00fae de oficio para protegerla durante el proceso. Es triste ver como se intenta sacar provecho pol\u00edtico, sin preocupaci\u00f3n alguna por la menor.&nbsp; Ella debe ser el centro de atenci\u00f3n y si la justicia ratifica los hechos, la autoridad involucrada deber\u00e1 dar un paso al costado y si no, podr\u00e1 continuar, pero no nos perdamos en que ac\u00e1 lo relevante es la ni\u00f1a\u201d, asegur\u00f3 la parlamentaria.<\/p>\n\n\n\n<p>A\u00f1adi\u00f3 que conf\u00eda en que el Gobierno y m\u00e1s espec\u00edficamente el Presidente de la Rep\u00fablica sabr\u00e1 ponderar los hechos y decidir en consecuencia, pero que mientras ello ocurra debe existir un acompa\u00f1amiento integral a la menor.<\/p>\n\n\n\n<p>\u201cHay derechos que deben ser respetados, que discutimos durante mucho tiempo y espero que se act\u00fae con prontitud y eficiencia para resguardarlos\u201d, concluy\u00f3 la Senadora.<\/p>\n\n\n\n<figure class=\"wp-block-image size-large\"><a href=\"http:\/\/radioprimiciapelluhue.cl\/wp-content\/uploads\/2022\/05\/05-18-caso-pelluhue-scaled.jpg\"><img loading=\"lazy\" decoding=\"async\" width=\"1024\" height=\"684\" src=\"http:\/\/radioprimiciapelluhue.cl\/wp-content\/uploads\/2022\/05\/05-18-caso-pelluhue-1024x684.jpg\" alt=\"\" class=\"wp-image-4304\" srcset=\"https:\/\/radioprimiciapelluhue.cl\/wp-content\/uploads\/2022\/05\/05-18-caso-pelluhue-1024x684.jpg 1024w, https:\/\/radioprimiciapelluhue.cl\/wp-content\/uploads\/2022\/05\/05-18-caso-pelluhue-300x201.jpg 300w, https:\/\/radioprimiciapelluhue.cl\/wp-content\/uploads\/2022\/05\/05-18-caso-pelluhue-768x513.jpg 768w, https:\/\/radioprimiciapelluhue.cl\/wp-content\/uploads\/2022\/05\/05-18-caso-pelluhue-1536x1027.jpg 1536w, https:\/\/radioprimiciapelluhue.cl\/wp-content\/uploads\/2022\/05\/05-18-caso-pelluhue-2048x1369.jpg 2048w\" sizes=\"auto, (max-width: 1024px) 100vw, 1024px\" \/><\/a><\/figure>\n","protected":false},"excerpt":{"rendered":"<p>Dijo que la prioridad en este caso debe ser la estudiante del Liceo de Pelluhue, por lo que espera que la Defensor\u00eda act\u00fae de oficio para protegerla&nbsp; durante el proceso, en el que se decret\u00f3 orden de alejamiento contra el Delegado Provincial de Cauquenes. &nbsp;\u201cEs triste ver como se intenta sacar provecho pol\u00edtico y no [&hellip;]<\/p>\n","protected":false},"author":2,"featured_media":4288,"comment_status":"closed","ping_status":"closed","sticky":false,"template":"","format":"standard","meta":{"footnotes":""},"categories":[60],"tags":[],"class_list":["post-4303","post","type-post","status-publish","format-standard","has-post-thumbnail","hentry","category-politica"],"_links":{"self":[{"href":"https:\/\/radioprimiciapelluhue.cl\/index.php?rest_route=\/wp\/v2\/posts\/4303","targetHints":{"allow":["GET"]}}],"collection":[{"href":"https:\/\/radioprimiciapelluhue.cl\/index.php?rest_route=\/wp\/v2\/posts"}],"about":[{"href":"https:\/\/radioprimiciapelluhue.cl\/index.php?rest_route=\/wp\/v2\/types\/post"}],"author":[{"embeddable":true,"href":"https:\/\/radioprimiciapelluhue.cl\/index.php?rest_route=\/wp\/v2\/users\/2"}],"replies":[{"embeddable":true,"href":"https:\/\/radioprimiciapelluhue.cl\/index.php?rest_route=%2Fwp%2Fv2%2Fcomments&post=4303"}],"version-history":[{"count":1,"href":"https:\/\/radioprimiciapelluhue.cl\/index.php?rest_route=\/wp\/v2\/posts\/4303\/revisions"}],"predecessor-version":[{"id":4305,"href":"https:\/\/radioprimiciapelluhue.cl\/index.php?rest_route=\/wp\/v2\/posts\/4303\/revisions\/4305"}],"wp:featuredmedia":[{"embeddable":true,"href":"https:\/\/radioprimiciapelluhue.cl\/index.php?rest_route=\/wp\/v2\/media\/4288"}],"wp:attachment":[{"href":"https:\/\/radioprimiciapelluhue.cl\/index.php?rest_route=%2Fwp%2Fv2%2Fmedia&parent=4303"}],"wp:term":[{"taxonomy":"category","embeddable":true,"href":"https:\/\/radioprimiciapelluhue.cl\/index.php?rest_route=%2Fwp%2Fv2%2Fcategories&post=4303"},{"taxonomy":"post_tag","embeddable":true,"href":"https:\/\/radioprimiciapelluhue.cl\/index.php?rest_route=%2Fwp%2Fv2%2Ftags&post=4303"}],"curies":[{"name":"wp","href":"https:\/\/api.w.org\/{rel}","templated":true}]}}