{"id":4308,"date":"2022-05-26T12:08:03","date_gmt":"2022-05-26T16:08:03","guid":{"rendered":"http:\/\/radioprimiciapelluhue.cl\/?p=4308"},"modified":"2022-05-26T12:11:50","modified_gmt":"2022-05-26T16:11:50","slug":"senadora-rincon-se-reune-con-madre-de-dirigenta-estudiantil-el-bienestar-de-la-nina-es-lo-primero","status":"publish","type":"post","link":"https:\/\/radioprimiciapelluhue.cl\/?p=4308","title":{"rendered":"Senadora Rinc\u00f3n se re\u00fane con madre de dirigente estudiantil: \u201cel bienestar de la ni\u00f1a es lo primero\u201d"},"content":{"rendered":"\n<p>Sostuvo que autoridades y organismos del Estado deben estar al servicio de la adolescente en el caso que involucra al Delegado Provincial y que parti\u00f3 con una orden judicial de alejamiento de la autoridad hacia la ni\u00f1a. \u201cLo hemos dicho y lo repetimos: Son los derechos de los ni\u00f1os, ni\u00f1as y adolescentes los que el Estado est\u00e1 obligado a garantizar.&nbsp; Esa es nuestra preocupaci\u00f3n\u201d, asegur\u00f3 la legisladora<\/p>\n\n\n\n<p>Para conocer de primera fuente los detalles de la denuncia por vulneraci\u00f3n de derechos en contra de la presidenta del Centro de Alumnos del Liceo de Pelluhue, la Senadora por el Maule, Ximena Rinc\u00f3n Gonz\u00e1lez, se reuni\u00f3 con la madre de la ni\u00f1a, Serlett <strong>Oliva<\/strong>, quien le explic\u00f3 lo sucedido y el estado en el que se encuentra su hija tras los hechos que involucran al delegado provincial de Cauquenes y que fueron denunciados ante la justicia.<\/p>\n\n\n\n<p>\u201cNos reunimos con Serlet, la mam\u00e1 de la estudiante vulnerada en su derecho a no sufrir violencia y a la libertad de participar en sus actividades de representaci\u00f3n de sus pares y nos hemos comprometido a insistir hasta que ella sea debidamente atendida, y a realizar todas las diligencias necesarias para que ni ella, ni ning\u00fan ni\u00f1o en nuestro pa\u00eds, vuelva a padecer lo mismo. Es importante que la familia sepa que puede y debe recurrir a las instituciones judiciales y administrativas para enfrentar las situaciones que les hacen sentir temor o inseguridad y que, en este caso, que la ni\u00f1a es dirigente estudiantil, que sepan que las autoridades escolares y de protecci\u00f3n de la infancia tambi\u00e9n est\u00e1n obligadas a denunciar y a gestionar las atenciones requeridas por la afectada\u201d, explic\u00f3 la legisladora.<\/p>\n\n\n\n<p>Agreg\u00f3 que su compromiso es trabajar junto a la madre de la ni\u00f1a, no dejarla sola y abrir todos los espacios para que la adolescente sea debidamente o\u00edda, se conozcan y satisfagan sus necesidades de reparaci\u00f3n y protecci\u00f3n .<\/p>\n\n\n\n<p>\u201cEs imprescindible transmitirle a todos los padres, madres y autoridades que lo debido ante vulneraciones de derechos es adoptar todas las medidas necesarias para la protecci\u00f3n y reparaci\u00f3n de los ni\u00f1as y ni\u00f1as afectadas, y que su inter\u00e9s debe ponerse antes de toda otra consideraci\u00f3n\u201d, puntualiz\u00f3 la Senadora.<\/p>\n\n\n\n<p>La parlamentaria dijo que su preocupaci\u00f3n total y absoluta es que la adolescente cuente con el respaldo integral durante todo el proceso, en el que ya el Juzgado de Letras y Garant\u00eda con competencia en Familia de la comuna de Chanco, decret\u00f3 una orden de alejamiento del Delegado Presidencial Provincial de la adolescente.<\/p>\n\n\n\n<p>\u201cLa prioridad es la seguridad f\u00edsica y psicol\u00f3gica de la ni\u00f1a y su reparaci\u00f3n.&nbsp; Las instituciones de protecci\u00f3n como el Servicio de Atenci\u00f3n Especializada de la Ni\u00f1ez, &nbsp;las Oficinas comunales o regionales de Protecci\u00f3n de Derechos, los equipos de atenci\u00f3n a v\u00edctimas de la Fiscal\u00eda y las autoridades del Liceo y la Serem\u00eda deben cumplir eficientemente sus deberes de protecci\u00f3n. Ella debe ser el centro de atenci\u00f3n. Y si la justicia determina alg\u00fan tipo de responsabilidad del Delegado,&nbsp; ser\u00e1 el Gobierno y m\u00e1s espec\u00edficamente el Presidente de la Rep\u00fablica quien pondere los hechos y decida en consecuencia. Mientras, ella debe contar con un acompa\u00f1amiento integral, por lo que reitero p\u00fablicamente la solicitud que hice al Fiscal Regional para que un equipo de atenci\u00f3n a v\u00edctimas del&nbsp; Ministerio P\u00fablico, especialista en trato con la infancia,&nbsp; tome contacto con&nbsp; ella a la brevedad y espero que las dem\u00e1s autoridades hagan lo suyo \u201d, explic\u00f3 la congresista<\/p>\n\n\n\n<p>MAM\u00c1<\/p>\n\n\n\n<p>La madre de la dirigente, Serlett Oliva, agradeci\u00f3 la preocupaci\u00f3n de la parlamentaria por su hija y pidi\u00f3 que nunca m\u00e1s un ni\u00f1o en el pa\u00eds sea v\u00edctima de vulneraci\u00f3n de sus derechos en caso alguno, pero menos a\u00fan de parte de una autoridad estatal.<\/p>\n\n\n\n<p>\u201cMuchas gracias por el apoyo que he recibido de la senadora como mam\u00e1 y tambi\u00e9n el que le ha dado a mi hija en la situaci\u00f3n que hemos vivido. Ojal\u00e1 nunca m\u00e1s se vuelvan a vulnerar los derechos de un ni\u00f1o, ni de mi hija ni de ning\u00fan otro, menos de parte de una autoridad estatal, as\u00ed que ahora a trabajar juntas\u201d, concluy\u00f3.<\/p>\n\n\n\n<figure class=\"wp-block-image size-large\"><a href=\"http:\/\/radioprimiciapelluhue.cl\/wp-content\/uploads\/2022\/05\/WhatsApp-Image-2022-05-26-at-12.05.51-PM.jpeg\"><img loading=\"lazy\" decoding=\"async\" width=\"1024\" height=\"473\" src=\"http:\/\/radioprimiciapelluhue.cl\/wp-content\/uploads\/2022\/05\/WhatsApp-Image-2022-05-26-at-12.05.51-PM-1024x473.jpeg\" alt=\"\" class=\"wp-image-4309\" srcset=\"https:\/\/radioprimiciapelluhue.cl\/wp-content\/uploads\/2022\/05\/WhatsApp-Image-2022-05-26-at-12.05.51-PM-1024x473.jpeg 1024w, https:\/\/radioprimiciapelluhue.cl\/wp-content\/uploads\/2022\/05\/WhatsApp-Image-2022-05-26-at-12.05.51-PM-300x139.jpeg 300w, https:\/\/radioprimiciapelluhue.cl\/wp-content\/uploads\/2022\/05\/WhatsApp-Image-2022-05-26-at-12.05.51-PM-768x355.jpeg 768w, https:\/\/radioprimiciapelluhue.cl\/wp-content\/uploads\/2022\/05\/WhatsApp-Image-2022-05-26-at-12.05.51-PM-1536x709.jpeg 1536w, https:\/\/radioprimiciapelluhue.cl\/wp-content\/uploads\/2022\/05\/WhatsApp-Image-2022-05-26-at-12.05.51-PM.jpeg 1600w\" sizes=\"auto, (max-width: 1024px) 100vw, 1024px\" \/><\/a><\/figure>\n","protected":false},"excerpt":{"rendered":"<p>Sostuvo que autoridades y organismos del Estado deben estar al servicio de la adolescente en el caso que involucra al Delegado Provincial y que parti\u00f3 con una orden judicial de alejamiento de la autoridad hacia la ni\u00f1a. \u201cLo hemos dicho y lo repetimos: Son los derechos de los ni\u00f1os, ni\u00f1as y adolescentes los que el [&hellip;]<\/p>\n","protected":false},"author":2,"featured_media":4217,"comment_status":"closed","ping_status":"closed","sticky":false,"template":"","format":"standard","meta":{"footnotes":""},"categories":[2],"tags":[],"class_list":["post-4308","post","type-post","status-publish","format-standard","has-post-thumbnail","hentry","category-noticias"],"_links":{"self":[{"href":"https:\/\/radioprimiciapelluhue.cl\/index.php?rest_route=\/wp\/v2\/posts\/4308","targetHints":{"allow":["GET"]}}],"collection":[{"href":"https:\/\/radioprimiciapelluhue.cl\/index.php?rest_route=\/wp\/v2\/posts"}],"about":[{"href":"https:\/\/radioprimiciapelluhue.cl\/index.php?rest_route=\/wp\/v2\/types\/post"}],"author":[{"embeddable":true,"href":"https:\/\/radioprimiciapelluhue.cl\/index.php?rest_route=\/wp\/v2\/users\/2"}],"replies":[{"embeddable":true,"href":"https:\/\/radioprimiciapelluhue.cl\/index.php?rest_route=%2Fwp%2Fv2%2Fcomments&post=4308"}],"version-history":[{"count":2,"href":"https:\/\/radioprimiciapelluhue.cl\/index.php?rest_route=\/wp\/v2\/posts\/4308\/revisions"}],"predecessor-version":[{"id":4311,"href":"https:\/\/radioprimiciapelluhue.cl\/index.php?rest_route=\/wp\/v2\/posts\/4308\/revisions\/4311"}],"wp:featuredmedia":[{"embeddable":true,"href":"https:\/\/radioprimiciapelluhue.cl\/index.php?rest_route=\/wp\/v2\/media\/4217"}],"wp:attachment":[{"href":"https:\/\/radioprimiciapelluhue.cl\/index.php?rest_route=%2Fwp%2Fv2%2Fmedia&parent=4308"}],"wp:term":[{"taxonomy":"category","embeddable":true,"href":"https:\/\/radioprimiciapelluhue.cl\/index.php?rest_route=%2Fwp%2Fv2%2Fcategories&post=4308"},{"taxonomy":"post_tag","embeddable":true,"href":"https:\/\/radioprimiciapelluhue.cl\/index.php?rest_route=%2Fwp%2Fv2%2Ftags&post=4308"}],"curies":[{"name":"wp","href":"https:\/\/api.w.org\/{rel}","templated":true}]}}