{"id":4313,"date":"2022-05-28T20:00:15","date_gmt":"2022-05-29T00:00:15","guid":{"rendered":"http:\/\/radioprimiciapelluhue.cl\/?p=4313"},"modified":"2022-05-28T20:00:16","modified_gmt":"2022-05-29T00:00:16","slug":"cge-activa-plan-de-accion-preventivo-por-bajas-temperaturas-anunciadas-entre-las-regiones-de-maule-a-la-araucania","status":"publish","type":"post","link":"https:\/\/radioprimiciapelluhue.cl\/?p=4313","title":{"rendered":"CGE activa plan de acci\u00f3n preventivo por bajas temperaturas anunciadas entre las regiones de Maule a La Araucan\u00eda"},"content":{"rendered":"\n<ul class=\"wp-block-list\"><li>La compa\u00f1\u00eda aumentar\u00e1 la capacidad operativa para atender posibles contingencias, derivadas de los impactos de la ola de fr\u00edo en la demanda por energ\u00eda y la estabilidad del sistema el\u00e9ctrico.<\/li><\/ul>\n\n\n\n<p><a><strong>Santiago, 27 de mayo de 2022.<\/strong><\/a><strong> <\/strong>Ante las proyecciones meteorol\u00f3gicas respecto de las bajas temperaturas previstas en los pr\u00f3ximos d\u00edas, y que afectar\u00e1n a las regiones entre El Maule y La Araucan\u00eda, CGE activ\u00f3 su plan preventivo de reforzamiento de operaciones y atenci\u00f3n de clientes, para atender de la forma m\u00e1s expedita posible las interrupciones de suministro el\u00e9ctrico que puedan ocurrir.<\/p>\n\n\n\n<p>El plan contempla medidas como el refuerzo de los centros de operaci\u00f3n, el despliegue de brigadas de atenci\u00f3n de emergencias tipo SAE (Servicio Atenci\u00f3n Emergencia), aumento de capacidad en su Call Center y los equipos de atenci\u00f3n domiciliaria para abordar las interrupciones de suministro que podr\u00edan presentarse de acuerdo con el pron\u00f3stico meteorol\u00f3gico.<\/p>\n\n\n\n<p>\u00d3scar Facusse, gerente regional sur de CGE -que incluye a las regiones de Maule, \u00d1uble, Biob\u00edo y La Araucan\u00eda- indic\u00f3 que la compa\u00f1\u00eda dispondr\u00e1 de brigadas pesadas que operar\u00e1n en terreno \u2013dedicadas a la reconstrucci\u00f3n de infraestructura afectada- y se incrementar\u00e1 el n\u00famero de brigadas de atenci\u00f3n de emergencia que se desplegar\u00e1n por las comunas y sectores que puedan verse afectados.<\/p>\n\n\n\n<p>\u201cDurante esta contingencia se aumentar\u00e1 la capacidad operativa para atender posibles contingencias derivadas de las bajas temperaturas y su impacto en la demanda por energ\u00eda y otros eventos que puedan afectar la continuidad del suministro el\u00e9ctrico. Hay que destacar que en estos casos no solamente se aumentan las brigadas en terreno, sino que todo el personal se pone a disposici\u00f3n para atener en distintas mesas de trabajo la atenci\u00f3n de requerimientos de los clientes\u201d dijo.<\/p>\n\n\n\n<p>CGE hace un llamado a sus clientes a moderar el consumo de energ\u00eda y as\u00ed evitar la sobrecarga de las instalaciones, ya que esto puede provocar interrupciones de suministro no programadas o variaciones en el voltaje.<\/p>\n\n\n\n<p>CGE recuerda a sus clientes que pueden comunicarse con la compa\u00f1\u00eda a trav\u00e9s de la cuenta de Twitter @CGE_Clientes, el Fono Clientes gratuito 800 800 767 y la p\u00e1gina web <a href=\"http:\/\/www.cge.cl\">www.cge.cl<\/a><\/p>\n\n\n\n<figure class=\"wp-block-image size-large\"><a href=\"http:\/\/radioprimiciapelluhue.cl\/wp-content\/uploads\/2022\/05\/284548245_2409708562502260_4881884665183617212_n.jpg\"><img loading=\"lazy\" decoding=\"async\" width=\"740\" height=\"1024\" src=\"http:\/\/radioprimiciapelluhue.cl\/wp-content\/uploads\/2022\/05\/284548245_2409708562502260_4881884665183617212_n-740x1024.jpg\" alt=\"\" class=\"wp-image-4314\" srcset=\"https:\/\/radioprimiciapelluhue.cl\/wp-content\/uploads\/2022\/05\/284548245_2409708562502260_4881884665183617212_n-740x1024.jpg 740w, https:\/\/radioprimiciapelluhue.cl\/wp-content\/uploads\/2022\/05\/284548245_2409708562502260_4881884665183617212_n-217x300.jpg 217w, https:\/\/radioprimiciapelluhue.cl\/wp-content\/uploads\/2022\/05\/284548245_2409708562502260_4881884665183617212_n-768x1063.jpg 768w, https:\/\/radioprimiciapelluhue.cl\/wp-content\/uploads\/2022\/05\/284548245_2409708562502260_4881884665183617212_n-1109x1536.jpg 1109w, https:\/\/radioprimiciapelluhue.cl\/wp-content\/uploads\/2022\/05\/284548245_2409708562502260_4881884665183617212_n.jpg 1479w\" sizes=\"auto, (max-width: 740px) 100vw, 740px\" \/><\/a><\/figure>\n","protected":false},"excerpt":{"rendered":"<p>La compa\u00f1\u00eda aumentar\u00e1 la capacidad operativa para atender posibles contingencias, derivadas de los impactos de la ola de fr\u00edo en la demanda por energ\u00eda y la estabilidad del sistema el\u00e9ctrico. Santiago, 27 de mayo de 2022. Ante las proyecciones meteorol\u00f3gicas respecto de las bajas temperaturas previstas en los pr\u00f3ximos d\u00edas, y que afectar\u00e1n a las [&hellip;]<\/p>\n","protected":false},"author":2,"featured_media":3814,"comment_status":"closed","ping_status":"closed","sticky":false,"template":"","format":"standard","meta":{"footnotes":""},"categories":[61],"tags":[],"class_list":["post-4313","post","type-post","status-publish","format-standard","has-post-thumbnail","hentry","category-informativo"],"_links":{"self":[{"href":"https:\/\/radioprimiciapelluhue.cl\/index.php?rest_route=\/wp\/v2\/posts\/4313","targetHints":{"allow":["GET"]}}],"collection":[{"href":"https:\/\/radioprimiciapelluhue.cl\/index.php?rest_route=\/wp\/v2\/posts"}],"about":[{"href":"https:\/\/radioprimiciapelluhue.cl\/index.php?rest_route=\/wp\/v2\/types\/post"}],"author":[{"embeddable":true,"href":"https:\/\/radioprimiciapelluhue.cl\/index.php?rest_route=\/wp\/v2\/users\/2"}],"replies":[{"embeddable":true,"href":"https:\/\/radioprimiciapelluhue.cl\/index.php?rest_route=%2Fwp%2Fv2%2Fcomments&post=4313"}],"version-history":[{"count":1,"href":"https:\/\/radioprimiciapelluhue.cl\/index.php?rest_route=\/wp\/v2\/posts\/4313\/revisions"}],"predecessor-version":[{"id":4315,"href":"https:\/\/radioprimiciapelluhue.cl\/index.php?rest_route=\/wp\/v2\/posts\/4313\/revisions\/4315"}],"wp:featuredmedia":[{"embeddable":true,"href":"https:\/\/radioprimiciapelluhue.cl\/index.php?rest_route=\/wp\/v2\/media\/3814"}],"wp:attachment":[{"href":"https:\/\/radioprimiciapelluhue.cl\/index.php?rest_route=%2Fwp%2Fv2%2Fmedia&parent=4313"}],"wp:term":[{"taxonomy":"category","embeddable":true,"href":"https:\/\/radioprimiciapelluhue.cl\/index.php?rest_route=%2Fwp%2Fv2%2Fcategories&post=4313"},{"taxonomy":"post_tag","embeddable":true,"href":"https:\/\/radioprimiciapelluhue.cl\/index.php?rest_route=%2Fwp%2Fv2%2Ftags&post=4313"}],"curies":[{"name":"wp","href":"https:\/\/api.w.org\/{rel}","templated":true}]}}