{"id":4316,"date":"2022-05-28T20:15:04","date_gmt":"2022-05-29T00:15:04","guid":{"rendered":"http:\/\/radioprimiciapelluhue.cl\/?p=4316"},"modified":"2022-05-28T20:15:04","modified_gmt":"2022-05-29T00:15:04","slug":"comunicado-de-prensa-municipalidad-de-cauquenes","status":"publish","type":"post","link":"https:\/\/radioprimiciapelluhue.cl\/?p=4316","title":{"rendered":"COMUNICADO DE PRENSA MUNICIPALIDAD DE CAUQUENES"},"content":{"rendered":"\n<p>El d\u00eda hoy la Ilustre Municipalidad de Cauquenes ha presentado ante el Juzgado de Garant\u00eda de esta ciudad una Querella Criminal en contra de quienes resulten responsables de los hechos que la Contralor\u00eda Regional del Maule ha establecido como conclusi\u00f3n de la investigaci\u00f3n sumaria desarrollada respecto de las obras de construcci\u00f3n del Parque Tutuv\u00e9n.<\/p>\n\n\n\n<p>&nbsp;&nbsp;&nbsp;&nbsp;&nbsp;&nbsp;&nbsp;&nbsp;&nbsp;&nbsp;&nbsp; En la construcci\u00f3n de dicha obra desarrollada entre 2018 y 2019 y de acuerdo a la se\u00f1alada investigaci\u00f3n, se habr\u00edan realizado trabajos tales como; retiro de basura, escombros y demolici\u00f3n de pandereta con personal y maquinarias de la Municipalidad de Cauquenes, trabajos que sin embargo, luego fueron cobrados y pagados a la empresa que se adjudic\u00f3 tales trabajos, ello seg\u00fan consta en el primer estado de pago.<\/p>\n\n\n\n<p>&nbsp;&nbsp;&nbsp;&nbsp;&nbsp;&nbsp;&nbsp;&nbsp;&nbsp;&nbsp;&nbsp; La actual administraci\u00f3n municipal consecuente con su compromiso con la probidad, la legalidad de los actos p\u00fablicos y con la defensa del inter\u00e9s com\u00fan y de los recursos todos los ciudadanos y ciudadanas, hoy ha presentado el se\u00f1alado recurso legal esperando que el Ministerio P\u00fablico y los Tribunales de Justicia, puedan aclarar los hechos denunciados y que ante ellos respondan todos aquellos se hayan visto involucrados directa e indirectamente.<\/p>\n\n\n\n<p>&nbsp;&nbsp;&nbsp;&nbsp;&nbsp;&nbsp;&nbsp;&nbsp;&nbsp;&nbsp;&nbsp; De igual forma, el municipio de Cauquenes atendiendo el inter\u00e9s de todos sus habitantes, espera que la polic\u00eda a cargo del proceso y la Fiscal\u00eda, avancen con celeridad en esclarecer los graves hechos denunciados en la Querella Criminal presentada en el mes de octubre del a\u00f1o pasado, la cual a\u00fan se encuentra en su etapa investigativa.<\/p>\n\n\n\n<p>\u00a0\u00a0\u00a0\u00a0\u00a0\u00a0\u00a0\u00a0\u00a0\u00a0\u00a0 Junto con lo anterior la Municipalidad, sus autoridades y funcionarios reiteran su compromiso de trabajo ce\u00f1idos estrictamente a la Ley y a la \u00e9tica, buscando en cada acci\u00f3n aportar a la dignidad, a la justicia, a la inclusi\u00f3n y a una mejor calidad de vida de todos y todas.<\/p>\n\n\n\n<p><\/p>\n\n\n\n<figure class=\"wp-block-image size-large\"><a href=\"http:\/\/radioprimiciapelluhue.cl\/wp-content\/uploads\/2022\/05\/Parque-Tutuven.jpeg\"><img loading=\"lazy\" decoding=\"async\" width=\"1024\" height=\"683\" src=\"http:\/\/radioprimiciapelluhue.cl\/wp-content\/uploads\/2022\/05\/Parque-Tutuven-1024x683.jpeg\" alt=\"\" class=\"wp-image-4317\" srcset=\"https:\/\/radioprimiciapelluhue.cl\/wp-content\/uploads\/2022\/05\/Parque-Tutuven-1024x683.jpeg 1024w, https:\/\/radioprimiciapelluhue.cl\/wp-content\/uploads\/2022\/05\/Parque-Tutuven-300x200.jpeg 300w, https:\/\/radioprimiciapelluhue.cl\/wp-content\/uploads\/2022\/05\/Parque-Tutuven-768x512.jpeg 768w, https:\/\/radioprimiciapelluhue.cl\/wp-content\/uploads\/2022\/05\/Parque-Tutuven-1536x1024.jpeg 1536w, https:\/\/radioprimiciapelluhue.cl\/wp-content\/uploads\/2022\/05\/Parque-Tutuven.jpeg 1599w\" sizes=\"auto, (max-width: 1024px) 100vw, 1024px\" \/><\/a><\/figure>\n\n\n\n<figure class=\"wp-block-image size-large\"><a href=\"http:\/\/radioprimiciapelluhue.cl\/wp-content\/uploads\/2022\/05\/parque.jpg\"><img loading=\"lazy\" decoding=\"async\" width=\"1024\" height=\"768\" src=\"http:\/\/radioprimiciapelluhue.cl\/wp-content\/uploads\/2022\/05\/parque-1024x768.jpg\" alt=\"\" class=\"wp-image-4318\" srcset=\"https:\/\/radioprimiciapelluhue.cl\/wp-content\/uploads\/2022\/05\/parque-1024x768.jpg 1024w, https:\/\/radioprimiciapelluhue.cl\/wp-content\/uploads\/2022\/05\/parque-300x225.jpg 300w, https:\/\/radioprimiciapelluhue.cl\/wp-content\/uploads\/2022\/05\/parque-768x576.jpg 768w, https:\/\/radioprimiciapelluhue.cl\/wp-content\/uploads\/2022\/05\/parque.jpg 1222w\" sizes=\"auto, (max-width: 1024px) 100vw, 1024px\" \/><\/a><\/figure>\n","protected":false},"excerpt":{"rendered":"<p>El d\u00eda hoy la Ilustre Municipalidad de Cauquenes ha presentado ante el Juzgado de Garant\u00eda de esta ciudad una Querella Criminal en contra de quienes resulten responsables de los hechos que la Contralor\u00eda Regional del Maule ha establecido como conclusi\u00f3n de la investigaci\u00f3n sumaria desarrollada respecto de las obras de construcci\u00f3n del Parque Tutuv\u00e9n. &nbsp;&nbsp;&nbsp;&nbsp;&nbsp;&nbsp;&nbsp;&nbsp;&nbsp;&nbsp;&nbsp; [&hellip;]<\/p>\n","protected":false},"author":2,"featured_media":4319,"comment_status":"closed","ping_status":"closed","sticky":false,"template":"","format":"standard","meta":{"footnotes":""},"categories":[51],"tags":[],"class_list":["post-4316","post","type-post","status-publish","format-standard","has-post-thumbnail","hentry","category-comunicado"],"_links":{"self":[{"href":"https:\/\/radioprimiciapelluhue.cl\/index.php?rest_route=\/wp\/v2\/posts\/4316","targetHints":{"allow":["GET"]}}],"collection":[{"href":"https:\/\/radioprimiciapelluhue.cl\/index.php?rest_route=\/wp\/v2\/posts"}],"about":[{"href":"https:\/\/radioprimiciapelluhue.cl\/index.php?rest_route=\/wp\/v2\/types\/post"}],"author":[{"embeddable":true,"href":"https:\/\/radioprimiciapelluhue.cl\/index.php?rest_route=\/wp\/v2\/users\/2"}],"replies":[{"embeddable":true,"href":"https:\/\/radioprimiciapelluhue.cl\/index.php?rest_route=%2Fwp%2Fv2%2Fcomments&post=4316"}],"version-history":[{"count":1,"href":"https:\/\/radioprimiciapelluhue.cl\/index.php?rest_route=\/wp\/v2\/posts\/4316\/revisions"}],"predecessor-version":[{"id":4320,"href":"https:\/\/radioprimiciapelluhue.cl\/index.php?rest_route=\/wp\/v2\/posts\/4316\/revisions\/4320"}],"wp:featuredmedia":[{"embeddable":true,"href":"https:\/\/radioprimiciapelluhue.cl\/index.php?rest_route=\/wp\/v2\/media\/4319"}],"wp:attachment":[{"href":"https:\/\/radioprimiciapelluhue.cl\/index.php?rest_route=%2Fwp%2Fv2%2Fmedia&parent=4316"}],"wp:term":[{"taxonomy":"category","embeddable":true,"href":"https:\/\/radioprimiciapelluhue.cl\/index.php?rest_route=%2Fwp%2Fv2%2Fcategories&post=4316"},{"taxonomy":"post_tag","embeddable":true,"href":"https:\/\/radioprimiciapelluhue.cl\/index.php?rest_route=%2Fwp%2Fv2%2Ftags&post=4316"}],"curies":[{"name":"wp","href":"https:\/\/api.w.org\/{rel}","templated":true}]}}