{"id":4321,"date":"2022-05-28T20:40:21","date_gmt":"2022-05-29T00:40:21","guid":{"rendered":"http:\/\/radioprimiciapelluhue.cl\/?p=4321"},"modified":"2022-05-28T20:40:22","modified_gmt":"2022-05-29T00:40:22","slug":"buzos-y-pescadores-artesanales-incorporan-modernos-tractores-que-agilizaran-faenas-de-remolque-y-traslado-de-productos","status":"publish","type":"post","link":"https:\/\/radioprimiciapelluhue.cl\/?p=4321","title":{"rendered":"BUZOS Y PESCADORES ARTESANALES INCORPORAN MODERNOS TRACTORES QUE AGILIZAR\u00c1N FAENAS DE REMOLQUE Y TRASLADO DE PRODUCTOS"},"content":{"rendered":"\n<p>Veh\u00edculos implicaron recursos por m\u00e1s de 128 millones de pesos que financi\u00f3 Indespa a trav\u00e9s del programa Mejora Caleta Operaci\u00f3n<\/p>\n\n\n\n<p>Maquinaria clave para facilitar las faenas de remolque y traslado de sus productos recibieron los buzos y pescadores artesanales de la caleta Curanipe, en la comuna de Pelluhue. Los nuevos tractores doble tracci\u00f3n, representan recursos por m\u00e1s de 128 millones de pesos que fueron financiados por el programa Mejora Caleta Operaci\u00f3n del Instituto Nacional de Desarrollo Sustentable de la Pesca Artesanal y de la Acuicultura de Peque\u00f1a Escala, Indespa.<\/p>\n\n\n\n<p>La entrega de los veh\u00edculos de trabajo fue encabezada por la Seremi de Econom\u00eda, Fomento y Turismo, Javiera Vivanco, y la alcaldesa de Pelluhue, Mar\u00eda Luz Reyes, junto a autoridades locales y representantes de las organizaciones beneficiarias.<\/p>\n\n\n\n<p>La Seremi de Econom\u00eda destac\u00f3 la importancia de esta tecnificaci\u00f3n para optimizar las labores de este sector productivo. \u201cEsto ayuda a dignificar el trabajo que hacen los pescadores y las pescadoras en las caletas, principalmente porque entendemos la relevancia que tiene la labor de la pesca en nuestra econom\u00eda nacional, por lo tanto, Indespa y el gobierno del Presidente Gabriel Boric est\u00e1 a disposici\u00f3n para seguir trabajando en conjunto, y esperamos que esto sea de mucha ayuda, simplificando principalmente la tarea f\u00edsica que conlleva sacar los botes y embarcaciones del mar\u201d, precis\u00f3 la autoridad regional.&nbsp;&nbsp;&nbsp;&nbsp;&nbsp;<\/p>\n\n\n\n<p>El primero de los tractores, que involucr\u00f3 64 millones 400 mil pesos, beneficia al sindicato N \u00b01 de Curanipe, con 28 socios presididos por el pescador Claudio Vera. La organizaci\u00f3n se dedica principalmente a la extracci\u00f3n de merluza com\u00fan, jibia y reineta, adem\u00e1s del trabajo de extracci\u00f3n en su \u00e1rea de manejo de recursos bent\u00f3nicos, donde producen loco.<\/p>\n\n\n\n<p>Al igual que ellos, el sindicato de buzos y pescadores artesanales N\u00ba2 de la comuna de Pelluhue con 32 asociados, representados en la jornada por Raimundo Rojas, recibieron tambi\u00e9n un tractor de trabajo que apoyar\u00e1 sus labores productivas asociadas a la extracci\u00f3n de merluza, jibia y reineta. Esta organizaci\u00f3n realiza adem\u00e1s una serie de actividades comerciales con la venta directa de productos del mar en el nuevo mercado de mariscos de Curanipe, que inauguraron recientemente y que cont\u00f3 tambi\u00e9n con el apoyo de Indespa en su construcci\u00f3n.<\/p>\n\n\n\n<p>La pesca artesanal en la regi\u00f3n de Maule moviliza cerca de 2.900 toneladas de productos pesqueros, donde la merluza com\u00fan representa un 39 por ciento del desembarque nacional de estos recursos, mientras que la extracci\u00f3n del molusco loco es otro de las principales pesquer\u00edas en la regi\u00f3n con un desembarque anual de 14 toneladas desde las \u00e1reas de manejo de la regi\u00f3n.<\/p>\n\n\n\n<p><\/p>\n\n\n\n<figure class=\"wp-block-image size-large\"><a href=\"http:\/\/radioprimiciapelluhue.cl\/wp-content\/uploads\/2022\/05\/WhatsApp-Image-2022-05-28-at-8.24.35-PM.jpeg\"><img loading=\"lazy\" decoding=\"async\" width=\"1024\" height=\"478\" src=\"http:\/\/radioprimiciapelluhue.cl\/wp-content\/uploads\/2022\/05\/WhatsApp-Image-2022-05-28-at-8.24.35-PM-1024x478.jpeg\" alt=\"\" class=\"wp-image-4322\" srcset=\"https:\/\/radioprimiciapelluhue.cl\/wp-content\/uploads\/2022\/05\/WhatsApp-Image-2022-05-28-at-8.24.35-PM-1024x478.jpeg 1024w, https:\/\/radioprimiciapelluhue.cl\/wp-content\/uploads\/2022\/05\/WhatsApp-Image-2022-05-28-at-8.24.35-PM-300x140.jpeg 300w, https:\/\/radioprimiciapelluhue.cl\/wp-content\/uploads\/2022\/05\/WhatsApp-Image-2022-05-28-at-8.24.35-PM-768x358.jpeg 768w, https:\/\/radioprimiciapelluhue.cl\/wp-content\/uploads\/2022\/05\/WhatsApp-Image-2022-05-28-at-8.24.35-PM.jpeg 1280w\" sizes=\"auto, (max-width: 1024px) 100vw, 1024px\" \/><\/a><\/figure>\n","protected":false},"excerpt":{"rendered":"<p>Veh\u00edculos implicaron recursos por m\u00e1s de 128 millones de pesos que financi\u00f3 Indespa a trav\u00e9s del programa Mejora Caleta Operaci\u00f3n Maquinaria clave para facilitar las faenas de remolque y traslado de sus productos recibieron los buzos y pescadores artesanales de la caleta Curanipe, en la comuna de Pelluhue. Los nuevos tractores doble tracci\u00f3n, representan recursos [&hellip;]<\/p>\n","protected":false},"author":2,"featured_media":4323,"comment_status":"closed","ping_status":"closed","sticky":false,"template":"","format":"standard","meta":{"footnotes":""},"categories":[2],"tags":[],"class_list":["post-4321","post","type-post","status-publish","format-standard","has-post-thumbnail","hentry","category-noticias"],"_links":{"self":[{"href":"https:\/\/radioprimiciapelluhue.cl\/index.php?rest_route=\/wp\/v2\/posts\/4321","targetHints":{"allow":["GET"]}}],"collection":[{"href":"https:\/\/radioprimiciapelluhue.cl\/index.php?rest_route=\/wp\/v2\/posts"}],"about":[{"href":"https:\/\/radioprimiciapelluhue.cl\/index.php?rest_route=\/wp\/v2\/types\/post"}],"author":[{"embeddable":true,"href":"https:\/\/radioprimiciapelluhue.cl\/index.php?rest_route=\/wp\/v2\/users\/2"}],"replies":[{"embeddable":true,"href":"https:\/\/radioprimiciapelluhue.cl\/index.php?rest_route=%2Fwp%2Fv2%2Fcomments&post=4321"}],"version-history":[{"count":1,"href":"https:\/\/radioprimiciapelluhue.cl\/index.php?rest_route=\/wp\/v2\/posts\/4321\/revisions"}],"predecessor-version":[{"id":4324,"href":"https:\/\/radioprimiciapelluhue.cl\/index.php?rest_route=\/wp\/v2\/posts\/4321\/revisions\/4324"}],"wp:featuredmedia":[{"embeddable":true,"href":"https:\/\/radioprimiciapelluhue.cl\/index.php?rest_route=\/wp\/v2\/media\/4323"}],"wp:attachment":[{"href":"https:\/\/radioprimiciapelluhue.cl\/index.php?rest_route=%2Fwp%2Fv2%2Fmedia&parent=4321"}],"wp:term":[{"taxonomy":"category","embeddable":true,"href":"https:\/\/radioprimiciapelluhue.cl\/index.php?rest_route=%2Fwp%2Fv2%2Fcategories&post=4321"},{"taxonomy":"post_tag","embeddable":true,"href":"https:\/\/radioprimiciapelluhue.cl\/index.php?rest_route=%2Fwp%2Fv2%2Ftags&post=4321"}],"curies":[{"name":"wp","href":"https:\/\/api.w.org\/{rel}","templated":true}]}}