{"id":4328,"date":"2022-05-29T19:55:01","date_gmt":"2022-05-29T23:55:01","guid":{"rendered":"http:\/\/radioprimiciapelluhue.cl\/?p=4328"},"modified":"2022-05-29T19:55:02","modified_gmt":"2022-05-29T23:55:02","slug":"carabineros-de-os7-talca-detuvo-a-dos-sujetos-infraccion-a-la-ley-de-drogas-en-linares%ef%bf%bc","status":"publish","type":"post","link":"https:\/\/radioprimiciapelluhue.cl\/?p=4328","title":{"rendered":"CARABINEROS DE OS7 #TALCA DETUVO A DOS SUJETOS INFRACCI\u00d3N A LA LEY DE DROGAS EN LINARES\ufffc"},"content":{"rendered":"\n<p>Durante la tarde de este jueves.<\/p>\n\n\n\n<p>Carabineros de la Secci\u00f3n especializada OS7 TALCA en un trabajo conjunto la Fiscal\u00eda Local de Linares, se estableci\u00f3 la venta de sustancia il\u00edcita en un domicilio de la Poblaci\u00f3n Nuevo Amanecer.<\/p>\n\n\n\n<p>Por ello, durante la tarde de este jueves con la cooperaci\u00f3n de personal del Gope se encontr\u00f3 en interior del inmueble 64 envoltorios de papel y 1 bolsa de nylon contenedoras de pasta base de coca\u00edna (peso 36 gramos), 19 bolsas pl\u00e1sticas con dise\u00f1o contenedoras de Ketamina (peso 24 gramos) y $266 mil 300 pesos en efectivo.<\/p>\n\n\n\n<p>Por instrucci\u00f3n del Fiscal de turno, los imputados pasaron a control de detenci\u00f3n al Juzgado de Garant\u00eda de Linares, para continuar con las investigaciones de lo sucedido.<\/p>\n\n\n\n<p>CARABINEROS DE CHILE, LA PREVENCI\u00d3N ES NUESTRA ESENCIA.<\/p>\n\n\n\n<figure class=\"wp-block-image size-large\"><a href=\"http:\/\/radioprimiciapelluhue.cl\/wp-content\/uploads\/2022\/05\/WhatsApp-Image-2022-05-27-at-7.00.50-PM-1.jpeg\"><img loading=\"lazy\" decoding=\"async\" width=\"1024\" height=\"768\" src=\"http:\/\/radioprimiciapelluhue.cl\/wp-content\/uploads\/2022\/05\/WhatsApp-Image-2022-05-27-at-7.00.50-PM-1-1024x768.jpeg\" alt=\"\" class=\"wp-image-4329\" srcset=\"https:\/\/radioprimiciapelluhue.cl\/wp-content\/uploads\/2022\/05\/WhatsApp-Image-2022-05-27-at-7.00.50-PM-1-1024x768.jpeg 1024w, https:\/\/radioprimiciapelluhue.cl\/wp-content\/uploads\/2022\/05\/WhatsApp-Image-2022-05-27-at-7.00.50-PM-1-300x225.jpeg 300w, https:\/\/radioprimiciapelluhue.cl\/wp-content\/uploads\/2022\/05\/WhatsApp-Image-2022-05-27-at-7.00.50-PM-1-768x576.jpeg 768w, https:\/\/radioprimiciapelluhue.cl\/wp-content\/uploads\/2022\/05\/WhatsApp-Image-2022-05-27-at-7.00.50-PM-1-1536x1152.jpeg 1536w, https:\/\/radioprimiciapelluhue.cl\/wp-content\/uploads\/2022\/05\/WhatsApp-Image-2022-05-27-at-7.00.50-PM-1.jpeg 1600w\" sizes=\"auto, (max-width: 1024px) 100vw, 1024px\" \/><\/a><\/figure>\n\n\n\n<p><\/p>\n\n\n\n<figure class=\"wp-block-image size-large\"><a href=\"http:\/\/radioprimiciapelluhue.cl\/wp-content\/uploads\/2022\/05\/WhatsApp-Image-2022-05-27-at-7.00.50-PM.jpeg\"><img loading=\"lazy\" decoding=\"async\" width=\"1024\" height=\"768\" src=\"http:\/\/radioprimiciapelluhue.cl\/wp-content\/uploads\/2022\/05\/WhatsApp-Image-2022-05-27-at-7.00.50-PM-1024x768.jpeg\" alt=\"\" class=\"wp-image-4330\" srcset=\"https:\/\/radioprimiciapelluhue.cl\/wp-content\/uploads\/2022\/05\/WhatsApp-Image-2022-05-27-at-7.00.50-PM-1024x768.jpeg 1024w, https:\/\/radioprimiciapelluhue.cl\/wp-content\/uploads\/2022\/05\/WhatsApp-Image-2022-05-27-at-7.00.50-PM-300x225.jpeg 300w, https:\/\/radioprimiciapelluhue.cl\/wp-content\/uploads\/2022\/05\/WhatsApp-Image-2022-05-27-at-7.00.50-PM-768x576.jpeg 768w, https:\/\/radioprimiciapelluhue.cl\/wp-content\/uploads\/2022\/05\/WhatsApp-Image-2022-05-27-at-7.00.50-PM-1536x1152.jpeg 1536w, https:\/\/radioprimiciapelluhue.cl\/wp-content\/uploads\/2022\/05\/WhatsApp-Image-2022-05-27-at-7.00.50-PM.jpeg 1600w\" sizes=\"auto, (max-width: 1024px) 100vw, 1024px\" \/><\/a><\/figure>\n","protected":false},"excerpt":{"rendered":"<p>Durante la tarde de este jueves. Carabineros de la Secci\u00f3n especializada OS7 TALCA en un trabajo conjunto la Fiscal\u00eda Local de Linares, se estableci\u00f3 la venta de sustancia il\u00edcita en un domicilio de la Poblaci\u00f3n Nuevo Amanecer. Por ello, durante la tarde de este jueves con la cooperaci\u00f3n de personal del Gope se encontr\u00f3 en [&hellip;]<\/p>\n","protected":false},"author":2,"featured_media":4080,"comment_status":"closed","ping_status":"closed","sticky":false,"template":"","format":"standard","meta":{"footnotes":""},"categories":[59],"tags":[],"class_list":["post-4328","post","type-post","status-publish","format-standard","has-post-thumbnail","hentry","category-policial"],"_links":{"self":[{"href":"https:\/\/radioprimiciapelluhue.cl\/index.php?rest_route=\/wp\/v2\/posts\/4328","targetHints":{"allow":["GET"]}}],"collection":[{"href":"https:\/\/radioprimiciapelluhue.cl\/index.php?rest_route=\/wp\/v2\/posts"}],"about":[{"href":"https:\/\/radioprimiciapelluhue.cl\/index.php?rest_route=\/wp\/v2\/types\/post"}],"author":[{"embeddable":true,"href":"https:\/\/radioprimiciapelluhue.cl\/index.php?rest_route=\/wp\/v2\/users\/2"}],"replies":[{"embeddable":true,"href":"https:\/\/radioprimiciapelluhue.cl\/index.php?rest_route=%2Fwp%2Fv2%2Fcomments&post=4328"}],"version-history":[{"count":1,"href":"https:\/\/radioprimiciapelluhue.cl\/index.php?rest_route=\/wp\/v2\/posts\/4328\/revisions"}],"predecessor-version":[{"id":4331,"href":"https:\/\/radioprimiciapelluhue.cl\/index.php?rest_route=\/wp\/v2\/posts\/4328\/revisions\/4331"}],"wp:featuredmedia":[{"embeddable":true,"href":"https:\/\/radioprimiciapelluhue.cl\/index.php?rest_route=\/wp\/v2\/media\/4080"}],"wp:attachment":[{"href":"https:\/\/radioprimiciapelluhue.cl\/index.php?rest_route=%2Fwp%2Fv2%2Fmedia&parent=4328"}],"wp:term":[{"taxonomy":"category","embeddable":true,"href":"https:\/\/radioprimiciapelluhue.cl\/index.php?rest_route=%2Fwp%2Fv2%2Fcategories&post=4328"},{"taxonomy":"post_tag","embeddable":true,"href":"https:\/\/radioprimiciapelluhue.cl\/index.php?rest_route=%2Fwp%2Fv2%2Ftags&post=4328"}],"curies":[{"name":"wp","href":"https:\/\/api.w.org\/{rel}","templated":true}]}}