{"id":4341,"date":"2022-06-03T22:15:28","date_gmt":"2022-06-04T02:15:28","guid":{"rendered":"http:\/\/radioprimiciapelluhue.cl\/?p=4341"},"modified":"2022-06-03T22:15:29","modified_gmt":"2022-06-04T02:15:29","slug":"anuncian-formacion-de-un-nuevo-elenco-regional","status":"publish","type":"post","link":"https:\/\/radioprimiciapelluhue.cl\/?p=4341","title":{"rendered":"ANUNCIAN FORMACI\u00d3N DE UN NUEVO ELENCO REGIONAL"},"content":{"rendered":"\n<ul class=\"wp-block-list\"><li><strong>TRM y FOJI firman convenio para el desarrollo de una Orquesta Infantil y Juvenil.<\/strong><\/li><\/ul>\n\n\n\n<p>Este jueves el Teatro Regional del Maule (TRM) firm\u00f3 convenio junto a la Fundaci\u00f3n de Orquestas Juveniles e infantiles de Chile (FOJI), con el fin de recibir financiamiento que permita beneficiar a ni\u00f1as, ni\u00f1os y j\u00f3venes de siete a doce a\u00f1os, para su formaci\u00f3n musical.<\/p>\n\n\n\n<p>La actividad se desarroll\u00f3 en dependencias del teatro y cont\u00f3 con la presencia del presidente de la Corporaci\u00f3n de Amigos de Teatro Regional del Maule y Alcalde de Talca, Juan Carlos D\u00edaz; el Director Nacional de las Orquestas Infantiles y Juveniles de Chile, Miguel Far\u00edas. En la oportunidad, los asistentes disfrutaron de la presentaci\u00f3n de la Orquesta Infantojuvenil Mejor Ni\u00f1ez (ex Sename).<\/p>\n\n\n\n<p>La iniciativa tiene como objetivo final la conformaci\u00f3n de un nuevo elenco art\u00edstico para el TRM y la regi\u00f3n: \u00abOrquesta Infantil y Juvenil Teatro Regional del Maule\u00bb.&nbsp; La agrupaci\u00f3n trabajar\u00e1 en una primera instancia en el desarrollo de instrumentos de cuerdas: viol\u00edn, viola, violoncello y contrabajo.<\/p>\n\n\n\n<p>El proceso iniciar\u00e1 con clases en modalidad presencial y online, las que ser\u00e1n personalizadas por instrumentos, como tambi\u00e9n jornadas de trabajo grupal en formato orquesta en dependencias del TRM.<\/p>\n\n\n\n<p>Los estudiantes podr\u00e1n optar a una de las veintid\u00f3s becas que se ofrecer\u00e1n en el marco de esta alianza, la cual cubre de manera \u00edntegra la matr\u00edcula y la cuota mensual, como tambi\u00e9n el pr\u00e9stamo de un instrumento.<\/p>\n\n\n\n<p>Los interesados tienen que completar la ficha de postulaci\u00f3n que estar\u00e1 vigente hasta el 15 de julio en la p\u00e1gina web del TRM (<a href=\"http:\/\/www.teatroregional.cl\/\" target=\"_blank\" rel=\"noreferrer noopener\">www.teatroregional.cl<\/a>). Luego se realizar\u00e1 una entrevista psicosocial y una prueba de aptitudes musicales, donde se evaluar\u00e1n condiciones b\u00e1sicas de reconocimiento y reproducci\u00f3n de elementos r\u00edtmicos, mel\u00f3dicos, de coordinaci\u00f3n y disociaci\u00f3n motora.<\/p>\n\n\n\n<p>El alcalde de Talca y presidente de la Corporaci\u00f3n de Amigos del Teatro Regional del Maule (TRM), Juan Carlos D\u00edaz, destac\u00f3 la uni\u00f3n de esfuerzos de los organismos involucrados en este convenio. En esta l\u00ednea, expres\u00f3 que lo importante es que se sigan sumando actores para impulsar estas iniciativas que van en directo beneficio de nuestros ni\u00f1os y ni\u00f1as, as\u00ed como tambi\u00e9n de toda la ciudad.<\/p>\n\n\n\n<p>\u00abLa cultura genera cambios y eso es lo que nosotros buscamos con estas alianzas estrat\u00e9gicas. Hay un valor adicional en la medida que esto se pueda focalizar para sectores vulnerables, pero esto hay que tratar de ampliarlo y buscar los apoyos para que sea para toda la comunidad\u00bb, expres\u00f3 la autoridad comunal.<\/p>\n\n\n\n<p>Por su parte Miguel Far\u00edas, director nacional de la Fundaci\u00f3n de Orquestas Juveniles e Infantiles, destac\u00f3 la iniciativa que impulsa el TRM y espera que ideas como esta se repitan en todas las regiones. \u00abNosotros como FOJI apoyamos orquestas comunales de todo Chile, adem\u00e1s de tener orquestas propias, apoyamos la pr\u00e1ctica orquestal, la formaci\u00f3n de ni\u00f1as, ni\u00f1os y j\u00f3venes. Tambi\u00e9n propiciamos que se involucren las familias con las orquestas y con las instituciones con las que se trabaja\u00bb.<\/p>\n\n\n\n<p>Finalmente, Victoria Flores, secretaria ejecutiva del Teatro Regional del Maule invita a las familias a postular y trabajar en conjunto en este programa de formaci\u00f3n. \u00abCreemos en el impacto que esta iniciativa generar\u00e1 no solo en los ni\u00f1os, ni\u00f1as y j\u00f3venes, tambi\u00e9n lo har\u00e1 en el n\u00facleo familiar\u00bb.<\/p>\n\n\n\n<figure class=\"wp-block-embed is-type-rich is-provider-flickr wp-block-embed-flickr\"><div class=\"wp-block-embed__wrapper\">\n<a data-flickr-embed='true' href='https:\/\/www.flickr.com\/photos\/teatroregionaldelmaule\/albums\/72177720299475661' title='FIRMA CONVENIO FOJI by www.teatroregional.cl, on Flickr'><img src='https:\/\/live.staticflickr.com\/65535\/52117795629_93c73db006_z.jpg' width='800' height='600' alt='Firma_Convenio_FOJI_001'><\/a><script async src='https:\/\/embedr.flickr.com\/assets\/client-code.js' charset='utf-8'><\/script>\n<\/div><\/figure>\n","protected":false},"excerpt":{"rendered":"<p>TRM y FOJI firman convenio para el desarrollo de una Orquesta Infantil y Juvenil. Este jueves el Teatro Regional del Maule (TRM) firm\u00f3 convenio junto a la Fundaci\u00f3n de Orquestas Juveniles e infantiles de Chile (FOJI), con el fin de recibir financiamiento que permita beneficiar a ni\u00f1as, ni\u00f1os y j\u00f3venes de siete a doce a\u00f1os, [&hellip;]<\/p>\n","protected":false},"author":2,"featured_media":4342,"comment_status":"closed","ping_status":"closed","sticky":false,"template":"","format":"standard","meta":{"footnotes":""},"categories":[65],"tags":[],"class_list":["post-4341","post","type-post","status-publish","format-standard","has-post-thumbnail","hentry","category-cultura"],"_links":{"self":[{"href":"https:\/\/radioprimiciapelluhue.cl\/index.php?rest_route=\/wp\/v2\/posts\/4341","targetHints":{"allow":["GET"]}}],"collection":[{"href":"https:\/\/radioprimiciapelluhue.cl\/index.php?rest_route=\/wp\/v2\/posts"}],"about":[{"href":"https:\/\/radioprimiciapelluhue.cl\/index.php?rest_route=\/wp\/v2\/types\/post"}],"author":[{"embeddable":true,"href":"https:\/\/radioprimiciapelluhue.cl\/index.php?rest_route=\/wp\/v2\/users\/2"}],"replies":[{"embeddable":true,"href":"https:\/\/radioprimiciapelluhue.cl\/index.php?rest_route=%2Fwp%2Fv2%2Fcomments&post=4341"}],"version-history":[{"count":1,"href":"https:\/\/radioprimiciapelluhue.cl\/index.php?rest_route=\/wp\/v2\/posts\/4341\/revisions"}],"predecessor-version":[{"id":4343,"href":"https:\/\/radioprimiciapelluhue.cl\/index.php?rest_route=\/wp\/v2\/posts\/4341\/revisions\/4343"}],"wp:featuredmedia":[{"embeddable":true,"href":"https:\/\/radioprimiciapelluhue.cl\/index.php?rest_route=\/wp\/v2\/media\/4342"}],"wp:attachment":[{"href":"https:\/\/radioprimiciapelluhue.cl\/index.php?rest_route=%2Fwp%2Fv2%2Fmedia&parent=4341"}],"wp:term":[{"taxonomy":"category","embeddable":true,"href":"https:\/\/radioprimiciapelluhue.cl\/index.php?rest_route=%2Fwp%2Fv2%2Fcategories&post=4341"},{"taxonomy":"post_tag","embeddable":true,"href":"https:\/\/radioprimiciapelluhue.cl\/index.php?rest_route=%2Fwp%2Fv2%2Ftags&post=4341"}],"curies":[{"name":"wp","href":"https:\/\/api.w.org\/{rel}","templated":true}]}}