{"id":4344,"date":"2022-06-03T22:27:42","date_gmt":"2022-06-04T02:27:42","guid":{"rendered":"http:\/\/radioprimiciapelluhue.cl\/?p=4344"},"modified":"2022-06-03T22:27:43","modified_gmt":"2022-06-04T02:27:43","slug":"un-41-de-las-personas-mayores-encuestadas-no-les-alcanza-los-ingresos-para-terminar-el-mes","status":"publish","type":"post","link":"https:\/\/radioprimiciapelluhue.cl\/?p=4344","title":{"rendered":"UN 41% DE LAS PERSONAS MAYORES ENCUESTADAS NO LES ALCANZA LOS INGRESOS PARA TERMINAR EL MES"},"content":{"rendered":"\n<p><strong><em>Tambi\u00e9n entreg\u00f3 pesimista visi\u00f3n de este grupo etario sobre el futuro de la situaci\u00f3n pa\u00eds, as\u00ed como su deseo que el Estado priorice en mejorar su actual situaci\u00f3n de salud.<\/em><\/strong><\/p>\n\n\n\n<p>Un nuevo sondeo de la AMUCH que abord\u00f3 la situaci\u00f3n actual de las personas mayores en nuestro pa\u00eds en diferentes aspectos, fue entregada hoy por el directorio de la Asociaci\u00f3n de Municipalidades de Chile para aportar a la discusi\u00f3n nacional y mejorar las pol\u00edticas p\u00fablicas respecto del futuro de este grupo y la proyecci\u00f3n ante el evidente envejecimiento de nuestro pa\u00eds.<\/p>\n\n\n\n<p>El sondeo fue entregado por el presidente de la AMUCH y alcalde de Zapallar, Gustavo Alessandri, junto al edil de La Reina, Jos\u00e9 Manuel Palacios, quienes destacaron la valiosa informaci\u00f3n entregada a trav\u00e9s de un sondeo a 603 personas de 215 comunas del pa\u00eds, desde el lunes 23 al viernes 27 de mayo pasado, con un universo de un 45,9% mujeres y un 54,1% hombres, ambos mayores de 60 a\u00f1os, siendo un 58,2% de la muestra entre el rango de los 60 a 69 a\u00f1os; un 37,5% entre 70 a 79 a\u00f1os; y un 4,3% entre 80 a 89 a\u00f1os.<\/p>\n\n\n\n<p>Dentro de la informaci\u00f3n m\u00e1s llamativa del sondeo figuran los siguientes resultados.<\/p>\n\n\n\n<p>\u00b7&nbsp;&nbsp;&nbsp;&nbsp;&nbsp;&nbsp;&nbsp;&nbsp;41,6 % considera que el dinero con el que cuenta regularmente no le alcanza para satisfacer sus necesidades<\/p>\n\n\n\n<p>\u00b7&nbsp;&nbsp;&nbsp;&nbsp;&nbsp;&nbsp;&nbsp;&nbsp;46,6 % cree que el trato de la sociedad chilena con las personas mayores es s\u00f3lo regular, mientras un 37,8% es&nbsp; malo o muy malo<\/p>\n\n\n\n<p>\u00b7&nbsp;&nbsp;&nbsp;&nbsp;&nbsp;&nbsp;&nbsp;&nbsp;52,6% cree la actual situaci\u00f3n del pa\u00eds va por mal y por muy mal camino<\/p>\n\n\n\n<p>\u00b7&nbsp;&nbsp;&nbsp;&nbsp;&nbsp;&nbsp;&nbsp;&nbsp;52,1 % prioriz\u00f3 a los servicios de salud hacia las personas mayores como el punto m\u00e1s relevante en la misi\u00f3n del Estado con este grupo etario<\/p>\n\n\n\n<p>\u00b7&nbsp;&nbsp;&nbsp;&nbsp;&nbsp;&nbsp;&nbsp;&nbsp;55,4% ha tenido durante los \u00faltimos 6 meses gen\u00e9ricamente emociones negativas como las m\u00e1s recurrentes<\/p>\n\n\n\n<p>\u00b7&nbsp;&nbsp;&nbsp;&nbsp;&nbsp;&nbsp;&nbsp;&nbsp;Los municipios es la instituci\u00f3n mejor evaluada en el trabajo desarrollado con las personas mayores con un 6,8%<\/p>\n\n\n\n<p>El presidente de la AMUCH y alcalde de Zapallar, Gustavo Alessandri, destac\u00f3 que \u00abesta informaci\u00f3n es un gran aporte y que el Gobierno debiera tomar en cuenta a la hora de considerar por ejemplo entregar un segundo bono de invierno, entendiendo que muchos no llegan a fin de mes con su jubilaci\u00f3n, as\u00ed como fortalecer el programa \u00abCiudades Amigables\u00bb para tender a una sociedad m\u00e1s preocupada de nuestras personas mayores\u00bb.<\/p>\n\n\n\n<p>Por su parte, el edil de La Reina, Jos\u00e9 Manuel Palacios, enfatiz\u00f3 que \u00abesta informaci\u00f3n es muy valiosa para elaborar pol\u00edticas locales de servicios para nuestras personas mayores, pero sin duda necesitamos el apoyo del Gobierno en recursos y estrategias de las reales necesidades que hoy no est\u00e1n siendo atendidas en tiempo oportuno, por ejemplo, su soledad, no alcanzan a llegar a fin de mes con su presupuesto y entender que son una parte muy vulnerable, que no andan protestando en las calles exigiendo soluciones\u00bb.<\/p>\n\n\n\n<figure class=\"wp-block-image size-full\"><a href=\"http:\/\/radioprimiciapelluhue.cl\/wp-content\/uploads\/2022\/06\/IMG-20220602-WA0029.jpg\"><img loading=\"lazy\" decoding=\"async\" width=\"1024\" height=\"707\" src=\"http:\/\/radioprimiciapelluhue.cl\/wp-content\/uploads\/2022\/06\/IMG-20220602-WA0029.jpg\" alt=\"\" class=\"wp-image-4345\" srcset=\"https:\/\/radioprimiciapelluhue.cl\/wp-content\/uploads\/2022\/06\/IMG-20220602-WA0029.jpg 1024w, https:\/\/radioprimiciapelluhue.cl\/wp-content\/uploads\/2022\/06\/IMG-20220602-WA0029-300x207.jpg 300w, https:\/\/radioprimiciapelluhue.cl\/wp-content\/uploads\/2022\/06\/IMG-20220602-WA0029-768x530.jpg 768w\" sizes=\"auto, (max-width: 1024px) 100vw, 1024px\" \/><\/a><\/figure>\n","protected":false},"excerpt":{"rendered":"<p>Tambi\u00e9n entreg\u00f3 pesimista visi\u00f3n de este grupo etario sobre el futuro de la situaci\u00f3n pa\u00eds, as\u00ed como su deseo que el Estado priorice en mejorar su actual situaci\u00f3n de salud. Un nuevo sondeo de la AMUCH que abord\u00f3 la situaci\u00f3n actual de las personas mayores en nuestro pa\u00eds en diferentes aspectos, fue entregada hoy por [&hellip;]<\/p>\n","protected":false},"author":2,"featured_media":4346,"comment_status":"closed","ping_status":"closed","sticky":false,"template":"","format":"standard","meta":{"footnotes":""},"categories":[2],"tags":[],"class_list":["post-4344","post","type-post","status-publish","format-standard","has-post-thumbnail","hentry","category-noticias"],"_links":{"self":[{"href":"https:\/\/radioprimiciapelluhue.cl\/index.php?rest_route=\/wp\/v2\/posts\/4344","targetHints":{"allow":["GET"]}}],"collection":[{"href":"https:\/\/radioprimiciapelluhue.cl\/index.php?rest_route=\/wp\/v2\/posts"}],"about":[{"href":"https:\/\/radioprimiciapelluhue.cl\/index.php?rest_route=\/wp\/v2\/types\/post"}],"author":[{"embeddable":true,"href":"https:\/\/radioprimiciapelluhue.cl\/index.php?rest_route=\/wp\/v2\/users\/2"}],"replies":[{"embeddable":true,"href":"https:\/\/radioprimiciapelluhue.cl\/index.php?rest_route=%2Fwp%2Fv2%2Fcomments&post=4344"}],"version-history":[{"count":1,"href":"https:\/\/radioprimiciapelluhue.cl\/index.php?rest_route=\/wp\/v2\/posts\/4344\/revisions"}],"predecessor-version":[{"id":4347,"href":"https:\/\/radioprimiciapelluhue.cl\/index.php?rest_route=\/wp\/v2\/posts\/4344\/revisions\/4347"}],"wp:featuredmedia":[{"embeddable":true,"href":"https:\/\/radioprimiciapelluhue.cl\/index.php?rest_route=\/wp\/v2\/media\/4346"}],"wp:attachment":[{"href":"https:\/\/radioprimiciapelluhue.cl\/index.php?rest_route=%2Fwp%2Fv2%2Fmedia&parent=4344"}],"wp:term":[{"taxonomy":"category","embeddable":true,"href":"https:\/\/radioprimiciapelluhue.cl\/index.php?rest_route=%2Fwp%2Fv2%2Fcategories&post=4344"},{"taxonomy":"post_tag","embeddable":true,"href":"https:\/\/radioprimiciapelluhue.cl\/index.php?rest_route=%2Fwp%2Fv2%2Ftags&post=4344"}],"curies":[{"name":"wp","href":"https:\/\/api.w.org\/{rel}","templated":true}]}}