{"id":4348,"date":"2022-06-03T22:39:27","date_gmt":"2022-06-04T02:39:27","guid":{"rendered":"http:\/\/radioprimiciapelluhue.cl\/?p=4348"},"modified":"2022-06-03T22:39:28","modified_gmt":"2022-06-04T02:39:28","slug":"pymes-madereras-acceden-a-una-app-que-permite-ahorrar-un-40-el-tiempo-administrativo%ef%bf%bc","status":"publish","type":"post","link":"https:\/\/radioprimiciapelluhue.cl\/?p=4348","title":{"rendered":"Pymes madereras acceden a una App que permite ahorrar un 40% el tiempo administrativo\ufffc"},"content":{"rendered":"\n<p><strong>Se trata de una aplicaci\u00f3n para peque\u00f1os y medianos aserraderos que incorpora tecnolog\u00edas propias de la industria 4.0.<\/strong><\/p>\n\n\n\n<p>Dos pymes del Mundo de la Madera ya iniciaron su tr\u00e1nsito hacia lo digital gracias al proyecto Fortalece Pyme, una iniciativa impulsada por la Universidad de Concepci\u00f3n, en la que participa la Corporaci\u00f3n Chilena de la Madera \u2013 Corma, y la Asociaci\u00f3n de Peque\u00f1os y medianos Industriales de la Madera \u2013 PymeMad.<\/p>\n\n\n\n<p>Se trata de las empresas Maderas Galilea y Forestal Regnans, ambas con domicilio en la provincia de Arauco, las que recientemente iniciaron el proceso de implementaci\u00f3n de la plataforma de gesti\u00f3n digital WoodLog, que permite gestionar en l\u00ednea la recepci\u00f3n de trozos, producci\u00f3n, inventario y despacho de los productores finales. Adem\u00e1s de vincular estos procesos con distintos dispositivos m\u00f3viles como celular, notebook o tablet, para ahorrar potencialmente un 40% de los tiempos administrativos de la digitaci\u00f3n de datos manualmente.<\/p>\n\n\n\n<p>A juicio del gerente general de Maderas Galilea, Felipe Galilea, \u201ccomo empresa peque\u00f1a este tipo de proyectos nos sirve mucho para estar a la vanguardia con la tecnolog\u00eda, por eso para nosotros es un gran aporte y sobre todo para las empresas de la provincia de Arauco que estamos un poco botados como empresas forestales\u201d.<\/p>\n\n\n\n<p>\u201cAgradecer estas alianzas que est\u00e1n generando y agradecer tambi\u00e9n que nos hayan considerado y prestado apoyo en la innovaci\u00f3n. Somos peque\u00f1a empresa y tenemos intenciones de seguir creciendo, pero siempre de la mano con la tecnolog\u00eda y todo lo que ello involucra\u201d, complementa Felipe Galilea.<\/p>\n\n\n\n<p>Por su parte, Julio Galilea, gerente comercial del Grupo Galilea, expres\u00f3 que la implementaci\u00f3n en su empresa es prometedora. \u201cJustamente estamos en v\u00edas de digitalizar el proceso de levantamiento de informaci\u00f3n que hasta el momento nos est\u00e1 llegando a trav\u00e9s de papel desde las l\u00edneas de producci\u00f3n\u201d.<\/p>\n\n\n\n<p>Asimismo, Magdalena Lisboa, gerenta de Regnans, se\u00f1al\u00f3 que, \u201ces primera vez que realizamos una intervenci\u00f3n con una tecnolog\u00eda espec\u00edfica para nuestro sector. Con esta herramienta buscamos hacer m\u00e1s r\u00e1pida la gesti\u00f3n de los procesos internos de la empresa\u201d.<\/p>\n\n\n\n<p><strong>Proyecto Fortalece Pyme<\/strong><\/p>\n\n\n\n<p>Ambas empresas son las primeras beneficiadas del proyecto Fortalece Pyme, que tiene por finalidad apoyar la transformaci\u00f3n digital de al menos 250 pymes de los rubros forestal y metalmec\u00e1nico.<\/p>\n\n\n\n<p>El encargado de la Red de Asistencia Digital Fortalece Pyme, Benjam\u00edn Germany, explica que \u201cel programa Fortalece Pyme se enmarca en una red nacional que apoya a peque\u00f1as y medianas empresas en sus respectivos territorios. En el caso de Biob\u00edo, la UdeC ejecuta esta iniciativa que apunta a apoyar los sectores manufactureros de la regi\u00f3n en sus procesos de transformaci\u00f3n digital, donde es posible hacer un apoyo integral en las diferentes \u00e1reas del negocio, desde procesos administrativos y de gesti\u00f3n, hasta tecnolog\u00edas productivas\u201d.<\/p>\n\n\n\n<p>El gerente regional de Corma, Fernando Illanes, valora el trabajo colaborativo entre Pymes y gremios del mundo de la madera y la academia. \u201cPara nosotros es tremendamente destacable el c\u00edrculo virtuoso que se est\u00e1 generando en este ecosistema, aqu\u00ed todos trabajamos bajo el mismo fin, lograr que las pymes alcancen el m\u00e1ximo de su potencialidad a partir de la cooperaci\u00f3n mutua y qu\u00e9 mejor si es en conjunto con una universidad\u201d.&nbsp;&nbsp;<\/p>\n\n\n\n<p>En la misma l\u00ednea, V\u00edctor Sandoval, director de PymeMad, destac\u00f3 el rol del Programa Fortalece Pyme: \u201ctener un proyecto de estas caracter\u00edsticas buscando soluciones tecnol\u00f3gicas digitales a los problemas que presentan las pymes, permite desarrollar mejoras en las l\u00edneas de producci\u00f3n y gesti\u00f3n, elemento importante, sobre todo para nuestro sector maderero-forestal que necesitaba este impulso tecnol\u00f3gico\u201d. Para ser parte del Fortalece Pyme Biob\u00edo y tener acompa\u00f1amiento en el proceso de transformaci\u00f3n digital, se debe completar el\u00a0<a rel=\"noreferrer noopener\" href=\"https:\/\/fpymebiobio.cl\/#formulario-fpyme\" target=\"_blank\">formulario (Click Aqu\u00ed)<\/a>\u00a0y el equipo se pondr\u00e1 en contacto con la empresa.<\/p>\n\n\n\n<figure class=\"wp-block-image size-large\"><a href=\"http:\/\/radioprimiciapelluhue.cl\/wp-content\/uploads\/2022\/06\/fpyme-arauco-1.jpg\"><img loading=\"lazy\" decoding=\"async\" width=\"1024\" height=\"576\" src=\"http:\/\/radioprimiciapelluhue.cl\/wp-content\/uploads\/2022\/06\/fpyme-arauco-1-1024x576.jpg\" alt=\"\" class=\"wp-image-4349\" srcset=\"https:\/\/radioprimiciapelluhue.cl\/wp-content\/uploads\/2022\/06\/fpyme-arauco-1-1024x576.jpg 1024w, https:\/\/radioprimiciapelluhue.cl\/wp-content\/uploads\/2022\/06\/fpyme-arauco-1-300x169.jpg 300w, https:\/\/radioprimiciapelluhue.cl\/wp-content\/uploads\/2022\/06\/fpyme-arauco-1-768x432.jpg 768w, https:\/\/radioprimiciapelluhue.cl\/wp-content\/uploads\/2022\/06\/fpyme-arauco-1-1536x864.jpg 1536w, https:\/\/radioprimiciapelluhue.cl\/wp-content\/uploads\/2022\/06\/fpyme-arauco-1-727x409.jpg 727w, https:\/\/radioprimiciapelluhue.cl\/wp-content\/uploads\/2022\/06\/fpyme-arauco-1-1110x624.jpg 1110w, https:\/\/radioprimiciapelluhue.cl\/wp-content\/uploads\/2022\/06\/fpyme-arauco-1-720x406.jpg 720w, https:\/\/radioprimiciapelluhue.cl\/wp-content\/uploads\/2022\/06\/fpyme-arauco-1-750x422.jpg 750w, https:\/\/radioprimiciapelluhue.cl\/wp-content\/uploads\/2022\/06\/fpyme-arauco-1.jpg 1600w\" sizes=\"auto, (max-width: 1024px) 100vw, 1024px\" \/><\/a><\/figure>\n\n\n\n<figure class=\"wp-block-image size-large\"><a href=\"http:\/\/radioprimiciapelluhue.cl\/wp-content\/uploads\/2022\/06\/fpyme-arauco-2.jpg\"><img loading=\"lazy\" decoding=\"async\" width=\"1024\" height=\"768\" src=\"http:\/\/radioprimiciapelluhue.cl\/wp-content\/uploads\/2022\/06\/fpyme-arauco-2-1024x768.jpg\" alt=\"\" class=\"wp-image-4350\" srcset=\"https:\/\/radioprimiciapelluhue.cl\/wp-content\/uploads\/2022\/06\/fpyme-arauco-2-1024x768.jpg 1024w, https:\/\/radioprimiciapelluhue.cl\/wp-content\/uploads\/2022\/06\/fpyme-arauco-2-300x225.jpg 300w, https:\/\/radioprimiciapelluhue.cl\/wp-content\/uploads\/2022\/06\/fpyme-arauco-2-768x576.jpg 768w, https:\/\/radioprimiciapelluhue.cl\/wp-content\/uploads\/2022\/06\/fpyme-arauco-2-1536x1152.jpg 1536w, https:\/\/radioprimiciapelluhue.cl\/wp-content\/uploads\/2022\/06\/fpyme-arauco-2.jpg 1600w\" sizes=\"auto, (max-width: 1024px) 100vw, 1024px\" \/><\/a><\/figure>\n\n\n\n<figure class=\"wp-block-image size-large\"><a href=\"http:\/\/radioprimiciapelluhue.cl\/wp-content\/uploads\/2022\/06\/fpyme-arauco-3.jpg\"><img loading=\"lazy\" decoding=\"async\" width=\"1024\" height=\"768\" src=\"http:\/\/radioprimiciapelluhue.cl\/wp-content\/uploads\/2022\/06\/fpyme-arauco-3-1024x768.jpg\" alt=\"\" class=\"wp-image-4351\" srcset=\"https:\/\/radioprimiciapelluhue.cl\/wp-content\/uploads\/2022\/06\/fpyme-arauco-3-1024x768.jpg 1024w, https:\/\/radioprimiciapelluhue.cl\/wp-content\/uploads\/2022\/06\/fpyme-arauco-3-300x225.jpg 300w, https:\/\/radioprimiciapelluhue.cl\/wp-content\/uploads\/2022\/06\/fpyme-arauco-3-768x576.jpg 768w, https:\/\/radioprimiciapelluhue.cl\/wp-content\/uploads\/2022\/06\/fpyme-arauco-3-1536x1152.jpg 1536w, https:\/\/radioprimiciapelluhue.cl\/wp-content\/uploads\/2022\/06\/fpyme-arauco-3.jpg 1600w\" sizes=\"auto, (max-width: 1024px) 100vw, 1024px\" \/><\/a><\/figure>\n\n\n\n<figure class=\"wp-block-image size-large\"><a href=\"http:\/\/radioprimiciapelluhue.cl\/wp-content\/uploads\/2022\/06\/fpyme-arauco-4.jpg\"><img loading=\"lazy\" decoding=\"async\" width=\"1024\" height=\"768\" src=\"http:\/\/radioprimiciapelluhue.cl\/wp-content\/uploads\/2022\/06\/fpyme-arauco-4-1024x768.jpg\" alt=\"\" class=\"wp-image-4352\" srcset=\"https:\/\/radioprimiciapelluhue.cl\/wp-content\/uploads\/2022\/06\/fpyme-arauco-4-1024x768.jpg 1024w, https:\/\/radioprimiciapelluhue.cl\/wp-content\/uploads\/2022\/06\/fpyme-arauco-4-300x225.jpg 300w, https:\/\/radioprimiciapelluhue.cl\/wp-content\/uploads\/2022\/06\/fpyme-arauco-4-768x576.jpg 768w, https:\/\/radioprimiciapelluhue.cl\/wp-content\/uploads\/2022\/06\/fpyme-arauco-4-1536x1153.jpg 1536w, https:\/\/radioprimiciapelluhue.cl\/wp-content\/uploads\/2022\/06\/fpyme-arauco-4.jpg 1599w\" sizes=\"auto, (max-width: 1024px) 100vw, 1024px\" \/><\/a><\/figure>\n\n\n\n<figure class=\"wp-block-image size-large\"><a href=\"http:\/\/radioprimiciapelluhue.cl\/wp-content\/uploads\/2022\/06\/fpyme-arauco-7.jpg\"><img loading=\"lazy\" decoding=\"async\" width=\"1024\" height=\"768\" src=\"http:\/\/radioprimiciapelluhue.cl\/wp-content\/uploads\/2022\/06\/fpyme-arauco-7-1024x768.jpg\" alt=\"\" class=\"wp-image-4353\" srcset=\"https:\/\/radioprimiciapelluhue.cl\/wp-content\/uploads\/2022\/06\/fpyme-arauco-7-1024x768.jpg 1024w, https:\/\/radioprimiciapelluhue.cl\/wp-content\/uploads\/2022\/06\/fpyme-arauco-7-300x225.jpg 300w, https:\/\/radioprimiciapelluhue.cl\/wp-content\/uploads\/2022\/06\/fpyme-arauco-7-768x576.jpg 768w, https:\/\/radioprimiciapelluhue.cl\/wp-content\/uploads\/2022\/06\/fpyme-arauco-7-1536x1152.jpg 1536w, https:\/\/radioprimiciapelluhue.cl\/wp-content\/uploads\/2022\/06\/fpyme-arauco-7.jpg 1600w\" sizes=\"auto, (max-width: 1024px) 100vw, 1024px\" \/><\/a><\/figure>\n","protected":false},"excerpt":{"rendered":"<p>Se trata de una aplicaci\u00f3n para peque\u00f1os y medianos aserraderos que incorpora tecnolog\u00edas propias de la industria 4.0. Dos pymes del Mundo de la Madera ya iniciaron su tr\u00e1nsito hacia lo digital gracias al proyecto Fortalece Pyme, una iniciativa impulsada por la Universidad de Concepci\u00f3n, en la que participa la Corporaci\u00f3n Chilena de la Madera [&hellip;]<\/p>\n","protected":false},"author":2,"featured_media":4354,"comment_status":"closed","ping_status":"closed","sticky":false,"template":"","format":"standard","meta":{"footnotes":""},"categories":[2],"tags":[],"class_list":["post-4348","post","type-post","status-publish","format-standard","has-post-thumbnail","hentry","category-noticias"],"_links":{"self":[{"href":"https:\/\/radioprimiciapelluhue.cl\/index.php?rest_route=\/wp\/v2\/posts\/4348","targetHints":{"allow":["GET"]}}],"collection":[{"href":"https:\/\/radioprimiciapelluhue.cl\/index.php?rest_route=\/wp\/v2\/posts"}],"about":[{"href":"https:\/\/radioprimiciapelluhue.cl\/index.php?rest_route=\/wp\/v2\/types\/post"}],"author":[{"embeddable":true,"href":"https:\/\/radioprimiciapelluhue.cl\/index.php?rest_route=\/wp\/v2\/users\/2"}],"replies":[{"embeddable":true,"href":"https:\/\/radioprimiciapelluhue.cl\/index.php?rest_route=%2Fwp%2Fv2%2Fcomments&post=4348"}],"version-history":[{"count":1,"href":"https:\/\/radioprimiciapelluhue.cl\/index.php?rest_route=\/wp\/v2\/posts\/4348\/revisions"}],"predecessor-version":[{"id":4355,"href":"https:\/\/radioprimiciapelluhue.cl\/index.php?rest_route=\/wp\/v2\/posts\/4348\/revisions\/4355"}],"wp:featuredmedia":[{"embeddable":true,"href":"https:\/\/radioprimiciapelluhue.cl\/index.php?rest_route=\/wp\/v2\/media\/4354"}],"wp:attachment":[{"href":"https:\/\/radioprimiciapelluhue.cl\/index.php?rest_route=%2Fwp%2Fv2%2Fmedia&parent=4348"}],"wp:term":[{"taxonomy":"category","embeddable":true,"href":"https:\/\/radioprimiciapelluhue.cl\/index.php?rest_route=%2Fwp%2Fv2%2Fcategories&post=4348"},{"taxonomy":"post_tag","embeddable":true,"href":"https:\/\/radioprimiciapelluhue.cl\/index.php?rest_route=%2Fwp%2Fv2%2Ftags&post=4348"}],"curies":[{"name":"wp","href":"https:\/\/api.w.org\/{rel}","templated":true}]}}