{"id":4362,"date":"2022-06-04T17:55:52","date_gmt":"2022-06-04T21:55:52","guid":{"rendered":"http:\/\/radioprimiciapelluhue.cl\/?p=4362"},"modified":"2022-06-04T17:55:52","modified_gmt":"2022-06-04T21:55:52","slug":"subsecretario-de-prevencion-del-delito-alcaldes-y-parlamentarios-tienen-cumbre-regional","status":"publish","type":"post","link":"https:\/\/radioprimiciapelluhue.cl\/?p=4362","title":{"rendered":"Subsecretario de Prevenci\u00f3n del Delito, alcaldes y parlamentarios tienen cumbre regional"},"content":{"rendered":"\n<p>Encuentro de trabajo fue organizado por el alcalde de Constituci\u00f3n y la Senadora por el Maule, Ximena Rinc\u00f3n Gonz\u00e1lez, quien agradeci\u00f3 la presencia de la autoridad para reunirse con los jefes comunales en Constituci\u00f3n y as\u00ed recoger insumos que permitan dise\u00f1ar una estrategia sobre la base de los problemas y necesidades de las comunas.&nbsp;<\/p>\n\n\n\n<p>Una cumbre regional por la seguridad ciudadana en el Maule con la presencia del Subsecretario de Prevenci\u00f3n del Delito, Eduardo Vergara Bolbar\u00e1n; alcaldes de la mayor\u00eda de las 30 comunas del Maule y parlamentarios de la regi\u00f3n, se desarroll\u00f3 en la comuna de Constituci\u00f3n.<\/p>\n\n\n\n<p>El encuentro, organizado por la senadora Ximena Rinc\u00f3n Gonz\u00e1lez y el alcalde maucho, Fabi\u00e1n P\u00e9rez Herrera, sirvi\u00f3 para que los equipos de la Subsecretaria pudieran recoger insumos para dise\u00f1ar una estrategia sobre la base de los problemas y necesidades de las comunas.&nbsp;<\/p>\n\n\n\n<p>\u201cAgradezco al subsecretario de Prevenci\u00f3n del Delito por aceptar la invitaci\u00f3n que le hicimos para conversar con alcaldes y alcaldesas, representantes de municipios, para trabajar en un tema que es tremendamente relevante en nuestro pa\u00eds y en nuestra regi\u00f3n como lo es la seguridad.&nbsp; Vimos c\u00f3mo trabajar para que los proyectos de nuestros municipios en el Maule califiquen y puedan ser impulsados desde el Gobierno\u201d, sostuvo la legisladora.<\/p>\n\n\n\n<p>A su vez, el Subsecretario de Prevenci\u00f3n del Delito agradeci\u00f3 a la senadora y al alcalde de Constituci\u00f3n por generar esta oportunidad de trabajar junto a los alcaldes del Maule en un tema que el Presidente de la Rep\u00fablica, Gabriel Boric, no s\u00f3lo reconoce como un problema de Estado, sino que esta semana avanz\u00f3 al establecer una ruta y un camino que pone a la seguridad en el centro de la gesti\u00f3n del Gobierno.<\/p>\n\n\n\n<p>\u201cEl Maule nos preocupa y nos ocupa.&nbsp; Hemos visto, lamentablemente, incrementos en delitos violentos seg\u00fan datos de las prefecturas de la regi\u00f3n, pero tambi\u00e9n hay otros delitos que nos preocupan como los homicidios, violencia intrafamiliar y robo con violencia.&nbsp; Por eso, lo que nos convoca es ponernos a trabajar en el dise\u00f1o de una ruta conjunta, porque ni los carabineros por si solos, ni el Gobierno por si solo ni los municipios por si solos, van a enfrentar con \u00e9xito este gran desaf\u00edo pa\u00eds de garantizar la seguridad como un derecho, pero que, sobre todo, nunca m\u00e1s en Chile hablar de seguridad sea sin\u00f3nimo de hablar de desigualdad\u201d, asegur\u00f3 la autoridad gubernamental.<\/p>\n\n\n\n<p>Vergara adelant\u00f3 el t\u00e9rmino de los concursos por financiamiento para prevenci\u00f3n y destac\u00f3 la importancia de la redistribuci\u00f3n de las polic\u00edas para que \u00e9stas trabajen donde m\u00e1s se les necesita y, de este modo, no seguir profundizando la brecha de inequidad en la distribuci\u00f3n de recursos entre una comuna y otra.<\/p>\n\n\n\n<p>Finalmente, el Alcalde de Constituci\u00f3n, Fabi\u00e1n P\u00e9rez,\u00a0 valor\u00f3 la presencia del Subsecretario en su comuna.\u00a0 \u201cEs importante que la autoridad nacional conozca los problemas, los desaf\u00edos y dolores de nuestros vecinos, pero tambi\u00e9n es relevante que comience a hacerse realidad el discurso de que los municipios son importantes y fundamentales.\u00a0 Pocas veces eso se hace realidad y creo que aqu\u00ed se da un gran primer paso\u201d, concluy\u00f3 el jefe comunal.<\/p>\n\n\n\n<figure class=\"wp-block-image size-large\"><a href=\"http:\/\/radioprimiciapelluhue.cl\/wp-content\/uploads\/2022\/06\/06-05-cumbre-regional-2.jpeg\"><img loading=\"lazy\" decoding=\"async\" width=\"1024\" height=\"768\" src=\"http:\/\/radioprimiciapelluhue.cl\/wp-content\/uploads\/2022\/06\/06-05-cumbre-regional-2-1024x768.jpeg\" alt=\"\" class=\"wp-image-4363\" srcset=\"https:\/\/radioprimiciapelluhue.cl\/wp-content\/uploads\/2022\/06\/06-05-cumbre-regional-2-1024x768.jpeg 1024w, https:\/\/radioprimiciapelluhue.cl\/wp-content\/uploads\/2022\/06\/06-05-cumbre-regional-2-300x225.jpeg 300w, https:\/\/radioprimiciapelluhue.cl\/wp-content\/uploads\/2022\/06\/06-05-cumbre-regional-2-768x576.jpeg 768w, https:\/\/radioprimiciapelluhue.cl\/wp-content\/uploads\/2022\/06\/06-05-cumbre-regional-2-1536x1152.jpeg 1536w, https:\/\/radioprimiciapelluhue.cl\/wp-content\/uploads\/2022\/06\/06-05-cumbre-regional-2.jpeg 1600w\" sizes=\"auto, (max-width: 1024px) 100vw, 1024px\" \/><\/a><\/figure>\n","protected":false},"excerpt":{"rendered":"<p>Encuentro de trabajo fue organizado por el alcalde de Constituci\u00f3n y la Senadora por el Maule, Ximena Rinc\u00f3n Gonz\u00e1lez, quien agradeci\u00f3 la presencia de la autoridad para reunirse con los jefes comunales en Constituci\u00f3n y as\u00ed recoger insumos que permitan dise\u00f1ar una estrategia sobre la base de los problemas y necesidades de las comunas.&nbsp; Una [&hellip;]<\/p>\n","protected":false},"author":2,"featured_media":4364,"comment_status":"closed","ping_status":"closed","sticky":false,"template":"","format":"standard","meta":{"footnotes":""},"categories":[60],"tags":[],"class_list":["post-4362","post","type-post","status-publish","format-standard","has-post-thumbnail","hentry","category-politica"],"_links":{"self":[{"href":"https:\/\/radioprimiciapelluhue.cl\/index.php?rest_route=\/wp\/v2\/posts\/4362","targetHints":{"allow":["GET"]}}],"collection":[{"href":"https:\/\/radioprimiciapelluhue.cl\/index.php?rest_route=\/wp\/v2\/posts"}],"about":[{"href":"https:\/\/radioprimiciapelluhue.cl\/index.php?rest_route=\/wp\/v2\/types\/post"}],"author":[{"embeddable":true,"href":"https:\/\/radioprimiciapelluhue.cl\/index.php?rest_route=\/wp\/v2\/users\/2"}],"replies":[{"embeddable":true,"href":"https:\/\/radioprimiciapelluhue.cl\/index.php?rest_route=%2Fwp%2Fv2%2Fcomments&post=4362"}],"version-history":[{"count":1,"href":"https:\/\/radioprimiciapelluhue.cl\/index.php?rest_route=\/wp\/v2\/posts\/4362\/revisions"}],"predecessor-version":[{"id":4365,"href":"https:\/\/radioprimiciapelluhue.cl\/index.php?rest_route=\/wp\/v2\/posts\/4362\/revisions\/4365"}],"wp:featuredmedia":[{"embeddable":true,"href":"https:\/\/radioprimiciapelluhue.cl\/index.php?rest_route=\/wp\/v2\/media\/4364"}],"wp:attachment":[{"href":"https:\/\/radioprimiciapelluhue.cl\/index.php?rest_route=%2Fwp%2Fv2%2Fmedia&parent=4362"}],"wp:term":[{"taxonomy":"category","embeddable":true,"href":"https:\/\/radioprimiciapelluhue.cl\/index.php?rest_route=%2Fwp%2Fv2%2Fcategories&post=4362"},{"taxonomy":"post_tag","embeddable":true,"href":"https:\/\/radioprimiciapelluhue.cl\/index.php?rest_route=%2Fwp%2Fv2%2Ftags&post=4362"}],"curies":[{"name":"wp","href":"https:\/\/api.w.org\/{rel}","templated":true}]}}