{"id":4366,"date":"2022-06-06T16:41:56","date_gmt":"2022-06-06T20:41:56","guid":{"rendered":"http:\/\/radioprimiciapelluhue.cl\/?p=4366"},"modified":"2022-06-06T16:42:27","modified_gmt":"2022-06-06T20:42:27","slug":"director-del-hospital-de-cauquenes-presento-la-cuenta-publica-2021%ef%bf%bc","status":"publish","type":"post","link":"https:\/\/radioprimiciapelluhue.cl\/?p=4366","title":{"rendered":"Director del Hospital de Cauquenes present\u00f3 la Cuenta P\u00fablica 2021\ufffc"},"content":{"rendered":"\n<p>Este a\u00f1o la actividad participativa se realiz\u00f3 en formato digital y se difundi\u00f3 a trav\u00e9s de las redes sociales y p\u00e1gina web del hospital. &nbsp;<\/p>\n\n\n\n<p>CAUQUENES.- El Director del Hospital de Cauquenes, Dr. Gabriel del R\u00edo, present\u00f3 el 30 de mayo la Cuenta P\u00fablica Participativa, correspondiente a la gesti\u00f3n y trabajo de los funcionarios ejecutados durante el a\u00f1o 2021, en modalidad digital.<\/p>\n\n\n\n<p>En su discurso, el director destac\u00f3 la labor desarrollada por los equipos de trabajo del hospital, para enfrentar la pandemia provocada por el COVID 19. Adem\u00e1s, indic\u00f3 que la Unidad de Emergencia el a\u00f1o pasado realiz\u00f3 15.995 atenciones.<\/p>\n\n\n\n<p>En relaci\u00f3n a las atenciones de especialidad, inform\u00f3 que se efectuaron 6.415 nuevas atenciones, distribuidas en las distintas especialidades, \u201clo que signific\u00f3 un aumento del 18% en comparaci\u00f3n el a\u00f1o 2020\u201d, agreg\u00f3.<\/p>\n\n\n\n<p>A su vez, invit\u00f3 a la comunidad a colaborar en la reducci\u00f3n de los \u00edndices de inasistencia a controles y consultas m\u00e9dicas. \u201cEl porcentaje de inasistencia es del 11,8%, lo que va en perjuicio de la oportunidad de atenci\u00f3n de otros pacientes de nuestra provincia\u201d, explic\u00f3.<\/p>\n\n\n\n<p><strong>Nuevo Hospital<\/strong><\/p>\n\n\n\n<p>Por otro lado, el director hizo menci\u00f3n a la etapa en la que se encuentra el proyecto de reposici\u00f3n del hospital, indicando que se inici\u00f3 por parte de la empresa concesionaria. \u201cCon mucha esperanza volvemos a retomar el sue\u00f1o del hospital nuevo, m\u00e1s digno y resolutivo, que permita acoger a la poblaci\u00f3n de Cauquenes. El proyecto se inici\u00f3 el 27 de marzo del 2021 y la fecha de entrega es noviembre del 2025. Por lo tanto, esperamos que esto sea una realidad a mediados del 2026\u201d, dijo.<\/p>\n\n\n\n<p>El nuevo hospital contar\u00e1 con mayores \u00e1reas de apoyo, tales como: unidad de di\u00e1lisis, hospital de d\u00eda (adicciones y psiquiatr\u00eda); mayor disponibilidad de pabellones (urgencia, electiva, mayor ambulatoria y cirug\u00eda menor) y camas UTI\/UCI.<\/p>\n\n\n\n<figure class=\"wp-block-image size-large\"><a href=\"http:\/\/radioprimiciapelluhue.cl\/wp-content\/uploads\/2022\/06\/photo4952141432123140879.jpg\"><img loading=\"lazy\" decoding=\"async\" width=\"1024\" height=\"576\" src=\"http:\/\/radioprimiciapelluhue.cl\/wp-content\/uploads\/2022\/06\/photo4952141432123140879-1024x576.jpg\" alt=\"\" class=\"wp-image-4367\" srcset=\"https:\/\/radioprimiciapelluhue.cl\/wp-content\/uploads\/2022\/06\/photo4952141432123140879-1024x576.jpg 1024w, https:\/\/radioprimiciapelluhue.cl\/wp-content\/uploads\/2022\/06\/photo4952141432123140879-300x169.jpg 300w, https:\/\/radioprimiciapelluhue.cl\/wp-content\/uploads\/2022\/06\/photo4952141432123140879-768x432.jpg 768w, https:\/\/radioprimiciapelluhue.cl\/wp-content\/uploads\/2022\/06\/photo4952141432123140879-727x409.jpg 727w, https:\/\/radioprimiciapelluhue.cl\/wp-content\/uploads\/2022\/06\/photo4952141432123140879-720x406.jpg 720w, https:\/\/radioprimiciapelluhue.cl\/wp-content\/uploads\/2022\/06\/photo4952141432123140879-750x422.jpg 750w, https:\/\/radioprimiciapelluhue.cl\/wp-content\/uploads\/2022\/06\/photo4952141432123140879.jpg 1050w\" sizes=\"auto, (max-width: 1024px) 100vw, 1024px\" \/><\/a><\/figure>\n","protected":false},"excerpt":{"rendered":"<p>Este a\u00f1o la actividad participativa se realiz\u00f3 en formato digital y se difundi\u00f3 a trav\u00e9s de las redes sociales y p\u00e1gina web del hospital. &nbsp; CAUQUENES.- El Director del Hospital de Cauquenes, Dr. Gabriel del R\u00edo, present\u00f3 el 30 de mayo la Cuenta P\u00fablica Participativa, correspondiente a la gesti\u00f3n y trabajo de los funcionarios ejecutados [&hellip;]<\/p>\n","protected":false},"author":2,"featured_media":4368,"comment_status":"closed","ping_status":"closed","sticky":false,"template":"","format":"standard","meta":{"footnotes":""},"categories":[51],"tags":[],"class_list":["post-4366","post","type-post","status-publish","format-standard","has-post-thumbnail","hentry","category-comunicado"],"_links":{"self":[{"href":"https:\/\/radioprimiciapelluhue.cl\/index.php?rest_route=\/wp\/v2\/posts\/4366","targetHints":{"allow":["GET"]}}],"collection":[{"href":"https:\/\/radioprimiciapelluhue.cl\/index.php?rest_route=\/wp\/v2\/posts"}],"about":[{"href":"https:\/\/radioprimiciapelluhue.cl\/index.php?rest_route=\/wp\/v2\/types\/post"}],"author":[{"embeddable":true,"href":"https:\/\/radioprimiciapelluhue.cl\/index.php?rest_route=\/wp\/v2\/users\/2"}],"replies":[{"embeddable":true,"href":"https:\/\/radioprimiciapelluhue.cl\/index.php?rest_route=%2Fwp%2Fv2%2Fcomments&post=4366"}],"version-history":[{"count":1,"href":"https:\/\/radioprimiciapelluhue.cl\/index.php?rest_route=\/wp\/v2\/posts\/4366\/revisions"}],"predecessor-version":[{"id":4369,"href":"https:\/\/radioprimiciapelluhue.cl\/index.php?rest_route=\/wp\/v2\/posts\/4366\/revisions\/4369"}],"wp:featuredmedia":[{"embeddable":true,"href":"https:\/\/radioprimiciapelluhue.cl\/index.php?rest_route=\/wp\/v2\/media\/4368"}],"wp:attachment":[{"href":"https:\/\/radioprimiciapelluhue.cl\/index.php?rest_route=%2Fwp%2Fv2%2Fmedia&parent=4366"}],"wp:term":[{"taxonomy":"category","embeddable":true,"href":"https:\/\/radioprimiciapelluhue.cl\/index.php?rest_route=%2Fwp%2Fv2%2Fcategories&post=4366"},{"taxonomy":"post_tag","embeddable":true,"href":"https:\/\/radioprimiciapelluhue.cl\/index.php?rest_route=%2Fwp%2Fv2%2Ftags&post=4366"}],"curies":[{"name":"wp","href":"https:\/\/api.w.org\/{rel}","templated":true}]}}