{"id":4371,"date":"2022-06-11T14:29:12","date_gmt":"2022-06-11T18:29:12","guid":{"rendered":"http:\/\/radioprimiciapelluhue.cl\/?p=4371"},"modified":"2022-06-11T14:29:13","modified_gmt":"2022-06-11T18:29:13","slug":"asesinan-a-carabinero-a-sangre-fria-en-santiago","status":"publish","type":"post","link":"https:\/\/radioprimiciapelluhue.cl\/?p=4371","title":{"rendered":"Asesinan a Carabinero a sangre fr\u00eda en Santiago"},"content":{"rendered":"\n<p>Este viernes 10.06.2022 a las 18:48 horas, la v\u00edctima, Cabo 2\u00b0 de Carabineros, DAVID ANDRES FLORIDO CISTERNAS, de dotaci\u00f3n de la Tenencia Pedro Aguirre Cerda, franco saliente de Servicio, mientras se encontraba al interior de una Barber\u00eda, sorpresivamente recibi\u00f3 un impacto bal\u00edstico en su cabeza, el cual seg\u00fan informaci\u00f3n entregada por testigos habr\u00eda sido efectuado por un sujeto delgado, poler\u00f3n blanco, pantal\u00f3n blanco, zapatillas verdes, el cual posteriormente huy\u00f3 del lugar a bordo de un autom\u00f3vil Marca Ford, modelo Fusi\u00f3n, color negro, con vidrios polarizados, en direcci\u00f3n desconocida. La v\u00edctima fue trasladada en primera instancia al Hospital Barros, falleciendo en el lugar.<\/p>\n\n\n\n<p>En menos de un mes ya han asesinado a 3 #Carabineros en el pa\u00eds.<\/p>\n\n\n\n<p>Compartimos la declaraci\u00f3n del General Director, Ricardo Y\u00e1\u00f1ez, por la muerte del Cabo 2\u00ba David Florido Cisterna (QEPD).<\/p>\n\n\n\n<p>Primero que nada quiero condenar categ\u00f3ricamente el asesinato del Cabo segundo David Florido cisternas y transmitir nuestras condolencias y nuestro sentido p\u00e9same a sus familias, a sus amigos, a sus seres queridos y por cierto sus camaradas y compa\u00f1eros de unidad. Hoy asesinaron a un carabinero a un chileno a un padre a un hijo y un esposo y no puede tener costo cero no puede ser gratis, porque pareciera serlo, hace dos semanas dos carabineros fueron brutalmente agredidos en coquimbo la ciudadan\u00eda sali\u00f3 a apoyarlos hoy los autores est\u00e1n libres por eso exijo a los dem\u00e1s actores y a la sociedad en su conjunto que hagan su trabajo y entregue las se\u00f1ales que la sociedad entera necesita por qu\u00e9 son importantes porque pareciera ser que agredir a un carabinero hoy d\u00eda est\u00e1 normalizado y eso los delincuentes lo saben hasta cu\u00e1ndo cu\u00e1ntos Carabineros m\u00e1s deben morir, cu\u00e1ntos carabineros m\u00e1s deber\u00e1n entregar su vida, merecemos y exigimos el mismo trato, sentido de urgencia y equidad para lograr detener identificar a los responsables, porque somos chilenos y somos personas igual que todos. Hace a\u00f1os que estamos solicitando que las penas para quienes agreden a los carabineros sean m\u00e1s duras y efectivas y se cumplan, por eso hago un llamado al Parlamento para que tome cartas en el asunto y legislen en esta materia es urgente es necesario, todo esto lo digo porque en menos de un mes me ha correspondido junto a la instituci\u00f3n entera llorar y lamentar y despedir a 3 carabineros.<\/p>\n\n\n\n<p>A Breant en Chill\u00e1n, a Tiznao en la Florida y ahora a Florido en Pedro Aguirre Cerda, dos hijas una de 6 a\u00f1os y una de 6 meses quedan sin su padre ojal\u00e1 esto no sea una noticia m\u00e1s ojal\u00e1 que se tome conciencia que matar a un carabinero es traspasar la defensa que existe entre los delincuentes y la sociedad hasta cu\u00e1ndo.<\/p>\n\n\n\n<p>Hemos desplegado y dispuesto nuestros mejores medios y recursos para lograr identificar y detener a los responsables de este crimen de este asesinato que enluta nuevamente a carabineros de Chile muchas gracias<\/p>\n\n\n\n<figure class=\"wp-block-image size-large\"><a href=\"http:\/\/radioprimiciapelluhue.cl\/wp-content\/uploads\/2022\/06\/287666861_2420487771424339_1370140404162579644_n.jpg\"><img loading=\"lazy\" decoding=\"async\" width=\"1024\" height=\"576\" src=\"http:\/\/radioprimiciapelluhue.cl\/wp-content\/uploads\/2022\/06\/287666861_2420487771424339_1370140404162579644_n-1024x576.jpg\" alt=\"\" class=\"wp-image-4372\" srcset=\"https:\/\/radioprimiciapelluhue.cl\/wp-content\/uploads\/2022\/06\/287666861_2420487771424339_1370140404162579644_n-1024x576.jpg 1024w, https:\/\/radioprimiciapelluhue.cl\/wp-content\/uploads\/2022\/06\/287666861_2420487771424339_1370140404162579644_n-300x169.jpg 300w, https:\/\/radioprimiciapelluhue.cl\/wp-content\/uploads\/2022\/06\/287666861_2420487771424339_1370140404162579644_n-768x432.jpg 768w, https:\/\/radioprimiciapelluhue.cl\/wp-content\/uploads\/2022\/06\/287666861_2420487771424339_1370140404162579644_n-1536x864.jpg 1536w, https:\/\/radioprimiciapelluhue.cl\/wp-content\/uploads\/2022\/06\/287666861_2420487771424339_1370140404162579644_n-727x409.jpg 727w, https:\/\/radioprimiciapelluhue.cl\/wp-content\/uploads\/2022\/06\/287666861_2420487771424339_1370140404162579644_n-1110x624.jpg 1110w, https:\/\/radioprimiciapelluhue.cl\/wp-content\/uploads\/2022\/06\/287666861_2420487771424339_1370140404162579644_n-720x406.jpg 720w, https:\/\/radioprimiciapelluhue.cl\/wp-content\/uploads\/2022\/06\/287666861_2420487771424339_1370140404162579644_n-750x422.jpg 750w, https:\/\/radioprimiciapelluhue.cl\/wp-content\/uploads\/2022\/06\/287666861_2420487771424339_1370140404162579644_n.jpg 2048w\" sizes=\"auto, (max-width: 1024px) 100vw, 1024px\" \/><\/a><\/figure>\n","protected":false},"excerpt":{"rendered":"<p>Este viernes 10.06.2022 a las 18:48 horas, la v\u00edctima, Cabo 2\u00b0 de Carabineros, DAVID ANDRES FLORIDO CISTERNAS, de dotaci\u00f3n de la Tenencia Pedro Aguirre Cerda, franco saliente de Servicio, mientras se encontraba al interior de una Barber\u00eda, sorpresivamente recibi\u00f3 un impacto bal\u00edstico en su cabeza, el cual seg\u00fan informaci\u00f3n entregada por testigos habr\u00eda sido efectuado [&hellip;]<\/p>\n","protected":false},"author":2,"featured_media":4268,"comment_status":"closed","ping_status":"closed","sticky":false,"template":"","format":"standard","meta":{"footnotes":""},"categories":[59],"tags":[],"class_list":["post-4371","post","type-post","status-publish","format-standard","has-post-thumbnail","hentry","category-policial"],"_links":{"self":[{"href":"https:\/\/radioprimiciapelluhue.cl\/index.php?rest_route=\/wp\/v2\/posts\/4371","targetHints":{"allow":["GET"]}}],"collection":[{"href":"https:\/\/radioprimiciapelluhue.cl\/index.php?rest_route=\/wp\/v2\/posts"}],"about":[{"href":"https:\/\/radioprimiciapelluhue.cl\/index.php?rest_route=\/wp\/v2\/types\/post"}],"author":[{"embeddable":true,"href":"https:\/\/radioprimiciapelluhue.cl\/index.php?rest_route=\/wp\/v2\/users\/2"}],"replies":[{"embeddable":true,"href":"https:\/\/radioprimiciapelluhue.cl\/index.php?rest_route=%2Fwp%2Fv2%2Fcomments&post=4371"}],"version-history":[{"count":1,"href":"https:\/\/radioprimiciapelluhue.cl\/index.php?rest_route=\/wp\/v2\/posts\/4371\/revisions"}],"predecessor-version":[{"id":4373,"href":"https:\/\/radioprimiciapelluhue.cl\/index.php?rest_route=\/wp\/v2\/posts\/4371\/revisions\/4373"}],"wp:featuredmedia":[{"embeddable":true,"href":"https:\/\/radioprimiciapelluhue.cl\/index.php?rest_route=\/wp\/v2\/media\/4268"}],"wp:attachment":[{"href":"https:\/\/radioprimiciapelluhue.cl\/index.php?rest_route=%2Fwp%2Fv2%2Fmedia&parent=4371"}],"wp:term":[{"taxonomy":"category","embeddable":true,"href":"https:\/\/radioprimiciapelluhue.cl\/index.php?rest_route=%2Fwp%2Fv2%2Fcategories&post=4371"},{"taxonomy":"post_tag","embeddable":true,"href":"https:\/\/radioprimiciapelluhue.cl\/index.php?rest_route=%2Fwp%2Fv2%2Ftags&post=4371"}],"curies":[{"name":"wp","href":"https:\/\/api.w.org\/{rel}","templated":true}]}}