{"id":4379,"date":"2022-06-15T12:43:03","date_gmt":"2022-06-15T16:43:03","guid":{"rendered":"http:\/\/radioprimiciapelluhue.cl\/?p=4379"},"modified":"2022-06-15T12:43:03","modified_gmt":"2022-06-15T16:43:03","slug":"gobernadora-regional-pide-acelerar-habilitacion-del-hospital-de-curico","status":"publish","type":"post","link":"https:\/\/radioprimiciapelluhue.cl\/?p=4379","title":{"rendered":"Gobernadora Regional pide acelerar habilitaci\u00f3n del Hospital de Curic\u00f3"},"content":{"rendered":"\n<ul class=\"wp-block-list\"><li><em>La m\u00e1xima autoridad regional Cristina Bravo, indic\u00f3 que es fundamental que los maulinos y maulinas cuenten con este nuevo centro asistencial.<\/em><\/li><\/ul>\n\n\n\n<p>La Gobernadora Regional Cristina&nbsp; Bravo, indic\u00f3 encontrarse muy preocupada por el retraso en la habilitaci\u00f3n del Hospital de Curic\u00f3, establecimiento que cuenta con m\u00e1s de 109.152 m2 construidos, y que cuenta con 400 camas de hospitalizaci\u00f3n.<\/p>\n\n\n\n<p>\u201cHoy quiero exigirle al Gobierno del Presidente Gabriel Boric que haga las gestiones necesarias para que podamos poner en marcha cuanto antes el Hospital de Curic\u00f3. Llevamos mucho tiempo esperando. El verano reci\u00e9n pasado me negu\u00e9 ante el Gobierno anterior del presidente Sebasti\u00e1n Pi\u00f1era a poner una placa porque el hospital no estaba en funcionamiento\u201d, indic\u00f3 Cristina Bravo, Gobernadora Regional del Maule.<\/p>\n\n\n\n<p>La m\u00e1xima autoridad regional indic\u00f3 que es vital contar con la habilitaci\u00f3n de este centro asistencial, que atiende a gran parte de las comunas de la Provincia de Curic\u00f3. Proyecto que adem\u00e1s contar\u00e1 con sillones de di\u00e1lisis, 9 box de emergencia, 12 pabellones, 5 salas de parto, 16 salas de procedimientos.<\/p>\n\n\n\n<p>\u201cQuiero a mi Regi\u00f3n del Maule y lo m\u00e1s importante es tener una salud digna para todos los maulinos y maulinas, es por esto que le digo al Presidente, por favor presidente, cuanto antes necesitamos este hospital habilitado para todos los habitantes de la provincia de Curic\u00f3\u201d, concluy\u00f3 Cristina Bravo.<\/p>\n\n\n\n<figure class=\"wp-block-image size-large\"><a href=\"http:\/\/radioprimiciapelluhue.cl\/wp-content\/uploads\/2022\/06\/WhatsApp-Image-2022-06-15-at-12.41.52-PM.jpeg\"><img loading=\"lazy\" decoding=\"async\" width=\"1024\" height=\"681\" src=\"http:\/\/radioprimiciapelluhue.cl\/wp-content\/uploads\/2022\/06\/WhatsApp-Image-2022-06-15-at-12.41.52-PM-1024x681.jpeg\" alt=\"\" class=\"wp-image-4380\" srcset=\"https:\/\/radioprimiciapelluhue.cl\/wp-content\/uploads\/2022\/06\/WhatsApp-Image-2022-06-15-at-12.41.52-PM-1024x681.jpeg 1024w, https:\/\/radioprimiciapelluhue.cl\/wp-content\/uploads\/2022\/06\/WhatsApp-Image-2022-06-15-at-12.41.52-PM-300x199.jpeg 300w, https:\/\/radioprimiciapelluhue.cl\/wp-content\/uploads\/2022\/06\/WhatsApp-Image-2022-06-15-at-12.41.52-PM-768x511.jpeg 768w, https:\/\/radioprimiciapelluhue.cl\/wp-content\/uploads\/2022\/06\/WhatsApp-Image-2022-06-15-at-12.41.52-PM.jpeg 1280w\" sizes=\"auto, (max-width: 1024px) 100vw, 1024px\" \/><\/a><\/figure>\n","protected":false},"excerpt":{"rendered":"<p>La m\u00e1xima autoridad regional Cristina Bravo, indic\u00f3 que es fundamental que los maulinos y maulinas cuenten con este nuevo centro asistencial. La Gobernadora Regional Cristina&nbsp; Bravo, indic\u00f3 encontrarse muy preocupada por el retraso en la habilitaci\u00f3n del Hospital de Curic\u00f3, establecimiento que cuenta con m\u00e1s de 109.152 m2 construidos, y que cuenta con 400 camas [&hellip;]<\/p>\n","protected":false},"author":2,"featured_media":4380,"comment_status":"closed","ping_status":"closed","sticky":false,"template":"","format":"standard","meta":{"footnotes":""},"categories":[2],"tags":[],"class_list":["post-4379","post","type-post","status-publish","format-standard","has-post-thumbnail","hentry","category-noticias"],"_links":{"self":[{"href":"https:\/\/radioprimiciapelluhue.cl\/index.php?rest_route=\/wp\/v2\/posts\/4379","targetHints":{"allow":["GET"]}}],"collection":[{"href":"https:\/\/radioprimiciapelluhue.cl\/index.php?rest_route=\/wp\/v2\/posts"}],"about":[{"href":"https:\/\/radioprimiciapelluhue.cl\/index.php?rest_route=\/wp\/v2\/types\/post"}],"author":[{"embeddable":true,"href":"https:\/\/radioprimiciapelluhue.cl\/index.php?rest_route=\/wp\/v2\/users\/2"}],"replies":[{"embeddable":true,"href":"https:\/\/radioprimiciapelluhue.cl\/index.php?rest_route=%2Fwp%2Fv2%2Fcomments&post=4379"}],"version-history":[{"count":1,"href":"https:\/\/radioprimiciapelluhue.cl\/index.php?rest_route=\/wp\/v2\/posts\/4379\/revisions"}],"predecessor-version":[{"id":4381,"href":"https:\/\/radioprimiciapelluhue.cl\/index.php?rest_route=\/wp\/v2\/posts\/4379\/revisions\/4381"}],"wp:featuredmedia":[{"embeddable":true,"href":"https:\/\/radioprimiciapelluhue.cl\/index.php?rest_route=\/wp\/v2\/media\/4380"}],"wp:attachment":[{"href":"https:\/\/radioprimiciapelluhue.cl\/index.php?rest_route=%2Fwp%2Fv2%2Fmedia&parent=4379"}],"wp:term":[{"taxonomy":"category","embeddable":true,"href":"https:\/\/radioprimiciapelluhue.cl\/index.php?rest_route=%2Fwp%2Fv2%2Fcategories&post=4379"},{"taxonomy":"post_tag","embeddable":true,"href":"https:\/\/radioprimiciapelluhue.cl\/index.php?rest_route=%2Fwp%2Fv2%2Ftags&post=4379"}],"curies":[{"name":"wp","href":"https:\/\/api.w.org\/{rel}","templated":true}]}}