{"id":4382,"date":"2022-06-15T12:50:15","date_gmt":"2022-06-15T16:50:15","guid":{"rendered":"http:\/\/radioprimiciapelluhue.cl\/?p=4382"},"modified":"2022-06-15T12:50:16","modified_gmt":"2022-06-15T16:50:16","slug":"gobierno-regional-espera-proyecto-de-efe-para-financiar-la-restauracion-de-10-estaciones-del-ramal-talca-constitucion","status":"publish","type":"post","link":"https:\/\/radioprimiciapelluhue.cl\/?p=4382","title":{"rendered":"Gobierno Regional espera proyecto de EFE para financiar la restauraci\u00f3n de 10 estaciones del Ramal Talca- Constituci\u00f3n"},"content":{"rendered":"\n<ul class=\"wp-block-list\"><li><em>La Gobernadora Regional Cristina Bravo, indic\u00f3 que la idea es potenciar el turismo, tomando en cuenta que este es el \u00faltimo ramal de pasajeros en funcionamiento a nivel nacional.<\/em><\/li><\/ul>\n\n\n\n<p>La Gobernadora Regional Cristina Bravo y Presidenta de la Corporaci\u00f3n de Desarrollo Regional y Productivo, indic\u00f3 a trav\u00e9s del Programa Puesta en Valor del Patrimonio, se espera restaurar y poner en valor las estaciones del Ramal Ferroviario&nbsp;Talca- Constituci\u00f3n.<\/p>\n\n\n\n<p>Recordemos que este ramal tiene 10 estaciones y se extiende por 88 kil\u00f3metros que bordean la ribera del R\u00edo Maule, pero adem\u00e1s es el \u00faltimo ramal de pasajeros en funcionamiento a nivel nacional, por lo que es fundamental protegerlo y restaurarlo, para que siga siendo un foco tur\u00edstico en el Maule.<\/p>\n\n\n\n<p>\u201cA partir del programa puesta en valor del patrimonio, nosotros venimos haciendo un trabajo hace mucho tiempo con EFE y lo que queremos es aportar con recursos para la restauraci\u00f3n de las estaciones que bordean la orilla del r\u00edo Maule, porque son m\u00e1s de 50.000 personas que durante el a\u00f1o ocupan este ramal ferroviario\u201d, indic\u00f3 Cristina Bravo, Gobernadora Regional.<\/p>\n\n\n\n<p>Este ramal es un Monumento Nacional, recorre 4 comunas, Talca, Maule, Pencahue y Constituci\u00f3n, lo que significa que ser\u00e1 un beneficio directo para unos 12 mil maulinos y maulinas, que podr\u00e1n potenciar el turismo y emprender y aportar en el desarrollo de las localidades en esta zona de la Regi\u00f3n del Maule.<\/p>\n\n\n\n<p>\u201cLo que queremos es restaurar las estaciones, y para eso es EFE quien debe enviarnos el proyecto, ya que con esto conseguiremos aumentar la cantidad de visitantes, potenciar el turismo y una vez que est\u00e9n restauradas las estaciones, la idea es poner en valor a trav\u00e9s de la Corporaci\u00f3n de Desarrollo Regional y Productivo, las estaciones y as\u00ed aportar al desarrollo de la regi\u00f3n y a la protecci\u00f3n de nuestro patrimonio regional\u201d, concluy\u00f3 Cristina Bravo.<\/p>\n\n\n\n<figure class=\"wp-block-image size-large\"><a href=\"http:\/\/radioprimiciapelluhue.cl\/wp-content\/uploads\/2022\/06\/WhatsApp-Image-2022-06-15-at-12.47.50-PM-1.jpeg\"><img loading=\"lazy\" decoding=\"async\" width=\"1024\" height=\"768\" src=\"http:\/\/radioprimiciapelluhue.cl\/wp-content\/uploads\/2022\/06\/WhatsApp-Image-2022-06-15-at-12.47.50-PM-1-1024x768.jpeg\" alt=\"\" class=\"wp-image-4383\" srcset=\"https:\/\/radioprimiciapelluhue.cl\/wp-content\/uploads\/2022\/06\/WhatsApp-Image-2022-06-15-at-12.47.50-PM-1-1024x768.jpeg 1024w, https:\/\/radioprimiciapelluhue.cl\/wp-content\/uploads\/2022\/06\/WhatsApp-Image-2022-06-15-at-12.47.50-PM-1-300x225.jpeg 300w, https:\/\/radioprimiciapelluhue.cl\/wp-content\/uploads\/2022\/06\/WhatsApp-Image-2022-06-15-at-12.47.50-PM-1-768x576.jpeg 768w, https:\/\/radioprimiciapelluhue.cl\/wp-content\/uploads\/2022\/06\/WhatsApp-Image-2022-06-15-at-12.47.50-PM-1.jpeg 1280w\" sizes=\"auto, (max-width: 1024px) 100vw, 1024px\" \/><\/a><\/figure>\n\n\n\n<figure class=\"wp-block-image size-large\"><a href=\"http:\/\/radioprimiciapelluhue.cl\/wp-content\/uploads\/2022\/06\/WhatsApp-Image-2022-06-15-at-12.47.50-PM-2.jpeg\"><img loading=\"lazy\" decoding=\"async\" width=\"1024\" height=\"768\" src=\"http:\/\/radioprimiciapelluhue.cl\/wp-content\/uploads\/2022\/06\/WhatsApp-Image-2022-06-15-at-12.47.50-PM-2-1024x768.jpeg\" alt=\"\" class=\"wp-image-4384\" srcset=\"https:\/\/radioprimiciapelluhue.cl\/wp-content\/uploads\/2022\/06\/WhatsApp-Image-2022-06-15-at-12.47.50-PM-2-1024x768.jpeg 1024w, https:\/\/radioprimiciapelluhue.cl\/wp-content\/uploads\/2022\/06\/WhatsApp-Image-2022-06-15-at-12.47.50-PM-2-300x225.jpeg 300w, https:\/\/radioprimiciapelluhue.cl\/wp-content\/uploads\/2022\/06\/WhatsApp-Image-2022-06-15-at-12.47.50-PM-2-768x576.jpeg 768w, https:\/\/radioprimiciapelluhue.cl\/wp-content\/uploads\/2022\/06\/WhatsApp-Image-2022-06-15-at-12.47.50-PM-2.jpeg 1280w\" sizes=\"auto, (max-width: 1024px) 100vw, 1024px\" \/><\/a><\/figure>\n\n\n\n<figure class=\"wp-block-image size-large\"><a href=\"http:\/\/radioprimiciapelluhue.cl\/wp-content\/uploads\/2022\/06\/WhatsApp-Image-2022-06-15-at-12.47.50-PM-3.jpeg\"><img loading=\"lazy\" decoding=\"async\" width=\"1024\" height=\"768\" src=\"http:\/\/radioprimiciapelluhue.cl\/wp-content\/uploads\/2022\/06\/WhatsApp-Image-2022-06-15-at-12.47.50-PM-3-1024x768.jpeg\" alt=\"\" class=\"wp-image-4385\" srcset=\"https:\/\/radioprimiciapelluhue.cl\/wp-content\/uploads\/2022\/06\/WhatsApp-Image-2022-06-15-at-12.47.50-PM-3-1024x768.jpeg 1024w, https:\/\/radioprimiciapelluhue.cl\/wp-content\/uploads\/2022\/06\/WhatsApp-Image-2022-06-15-at-12.47.50-PM-3-300x225.jpeg 300w, https:\/\/radioprimiciapelluhue.cl\/wp-content\/uploads\/2022\/06\/WhatsApp-Image-2022-06-15-at-12.47.50-PM-3-768x576.jpeg 768w, https:\/\/radioprimiciapelluhue.cl\/wp-content\/uploads\/2022\/06\/WhatsApp-Image-2022-06-15-at-12.47.50-PM-3.jpeg 1280w\" sizes=\"auto, (max-width: 1024px) 100vw, 1024px\" \/><\/a><\/figure>\n\n\n\n<p><\/p>\n","protected":false},"excerpt":{"rendered":"<p>La Gobernadora Regional Cristina Bravo, indic\u00f3 que la idea es potenciar el turismo, tomando en cuenta que este es el \u00faltimo ramal de pasajeros en funcionamiento a nivel nacional. La Gobernadora Regional Cristina Bravo y Presidenta de la Corporaci\u00f3n de Desarrollo Regional y Productivo, indic\u00f3 a trav\u00e9s del Programa Puesta en Valor del Patrimonio, se [&hellip;]<\/p>\n","protected":false},"author":2,"featured_media":4386,"comment_status":"closed","ping_status":"closed","sticky":false,"template":"","format":"standard","meta":{"footnotes":""},"categories":[2],"tags":[],"class_list":["post-4382","post","type-post","status-publish","format-standard","has-post-thumbnail","hentry","category-noticias"],"_links":{"self":[{"href":"https:\/\/radioprimiciapelluhue.cl\/index.php?rest_route=\/wp\/v2\/posts\/4382","targetHints":{"allow":["GET"]}}],"collection":[{"href":"https:\/\/radioprimiciapelluhue.cl\/index.php?rest_route=\/wp\/v2\/posts"}],"about":[{"href":"https:\/\/radioprimiciapelluhue.cl\/index.php?rest_route=\/wp\/v2\/types\/post"}],"author":[{"embeddable":true,"href":"https:\/\/radioprimiciapelluhue.cl\/index.php?rest_route=\/wp\/v2\/users\/2"}],"replies":[{"embeddable":true,"href":"https:\/\/radioprimiciapelluhue.cl\/index.php?rest_route=%2Fwp%2Fv2%2Fcomments&post=4382"}],"version-history":[{"count":1,"href":"https:\/\/radioprimiciapelluhue.cl\/index.php?rest_route=\/wp\/v2\/posts\/4382\/revisions"}],"predecessor-version":[{"id":4387,"href":"https:\/\/radioprimiciapelluhue.cl\/index.php?rest_route=\/wp\/v2\/posts\/4382\/revisions\/4387"}],"wp:featuredmedia":[{"embeddable":true,"href":"https:\/\/radioprimiciapelluhue.cl\/index.php?rest_route=\/wp\/v2\/media\/4386"}],"wp:attachment":[{"href":"https:\/\/radioprimiciapelluhue.cl\/index.php?rest_route=%2Fwp%2Fv2%2Fmedia&parent=4382"}],"wp:term":[{"taxonomy":"category","embeddable":true,"href":"https:\/\/radioprimiciapelluhue.cl\/index.php?rest_route=%2Fwp%2Fv2%2Fcategories&post=4382"},{"taxonomy":"post_tag","embeddable":true,"href":"https:\/\/radioprimiciapelluhue.cl\/index.php?rest_route=%2Fwp%2Fv2%2Ftags&post=4382"}],"curies":[{"name":"wp","href":"https:\/\/api.w.org\/{rel}","templated":true}]}}