{"id":4393,"date":"2022-06-28T17:25:50","date_gmt":"2022-06-28T21:25:50","guid":{"rendered":"http:\/\/radioprimiciapelluhue.cl\/?p=4393"},"modified":"2022-06-28T17:27:15","modified_gmt":"2022-06-28T21:27:15","slug":"procesion-san-pedro-29-de-junio-2022-pelluhue","status":"publish","type":"post","link":"https:\/\/radioprimiciapelluhue.cl\/?p=4393","title":{"rendered":"Procesi\u00f3n San Pedro 29 de Junio 2022 Pelluhue"},"content":{"rendered":"\n<p>Se invita a toda la comunidad a la misa de San Pedro el Patrono de los Pescadores en la Capilla Santa Teresita Del Ni\u00f1o Jesus de Pelluhue a las 15:00 horas este mi\u00e9rcoles 29 de junio, posteriormente saliendo la procesi\u00f3n a la caleta de los botes de Pelluhue.<br>Tendremos un peque\u00f1o c\u00f3ctel<br>Se invita a Toda la comunidad<br>Gracias por su atenci\u00f3n<\/p>\n\n\n\n<figure class=\"wp-block-image size-full\"><a href=\"http:\/\/radioprimiciapelluhue.cl\/wp-content\/uploads\/2022\/06\/290749987_2434429070030209_6451129112187971604_n.jpg\"><img loading=\"lazy\" decoding=\"async\" width=\"528\" height=\"960\" src=\"http:\/\/radioprimiciapelluhue.cl\/wp-content\/uploads\/2022\/06\/290749987_2434429070030209_6451129112187971604_n.jpg\" alt=\"\" class=\"wp-image-4394\" srcset=\"https:\/\/radioprimiciapelluhue.cl\/wp-content\/uploads\/2022\/06\/290749987_2434429070030209_6451129112187971604_n.jpg 528w, https:\/\/radioprimiciapelluhue.cl\/wp-content\/uploads\/2022\/06\/290749987_2434429070030209_6451129112187971604_n-165x300.jpg 165w\" sizes=\"auto, (max-width: 528px) 100vw, 528px\" \/><\/a><\/figure>\n","protected":false},"excerpt":{"rendered":"<p>Se invita a toda la comunidad a la misa de San Pedro el Patrono de los Pescadores en la Capilla Santa Teresita Del Ni\u00f1o Jesus de Pelluhue a las 15:00 horas este mi\u00e9rcoles 29 de junio, posteriormente saliendo la procesi\u00f3n a la caleta de los botes de Pelluhue.Tendremos un peque\u00f1o c\u00f3ctelSe invita a Toda la [&hellip;]<\/p>\n","protected":false},"author":2,"featured_media":4394,"comment_status":"closed","ping_status":"closed","sticky":false,"template":"","format":"standard","meta":{"footnotes":""},"categories":[61],"tags":[],"class_list":["post-4393","post","type-post","status-publish","format-standard","has-post-thumbnail","hentry","category-informativo"],"_links":{"self":[{"href":"https:\/\/radioprimiciapelluhue.cl\/index.php?rest_route=\/wp\/v2\/posts\/4393","targetHints":{"allow":["GET"]}}],"collection":[{"href":"https:\/\/radioprimiciapelluhue.cl\/index.php?rest_route=\/wp\/v2\/posts"}],"about":[{"href":"https:\/\/radioprimiciapelluhue.cl\/index.php?rest_route=\/wp\/v2\/types\/post"}],"author":[{"embeddable":true,"href":"https:\/\/radioprimiciapelluhue.cl\/index.php?rest_route=\/wp\/v2\/users\/2"}],"replies":[{"embeddable":true,"href":"https:\/\/radioprimiciapelluhue.cl\/index.php?rest_route=%2Fwp%2Fv2%2Fcomments&post=4393"}],"version-history":[{"count":2,"href":"https:\/\/radioprimiciapelluhue.cl\/index.php?rest_route=\/wp\/v2\/posts\/4393\/revisions"}],"predecessor-version":[{"id":4396,"href":"https:\/\/radioprimiciapelluhue.cl\/index.php?rest_route=\/wp\/v2\/posts\/4393\/revisions\/4396"}],"wp:featuredmedia":[{"embeddable":true,"href":"https:\/\/radioprimiciapelluhue.cl\/index.php?rest_route=\/wp\/v2\/media\/4394"}],"wp:attachment":[{"href":"https:\/\/radioprimiciapelluhue.cl\/index.php?rest_route=%2Fwp%2Fv2%2Fmedia&parent=4393"}],"wp:term":[{"taxonomy":"category","embeddable":true,"href":"https:\/\/radioprimiciapelluhue.cl\/index.php?rest_route=%2Fwp%2Fv2%2Fcategories&post=4393"},{"taxonomy":"post_tag","embeddable":true,"href":"https:\/\/radioprimiciapelluhue.cl\/index.php?rest_route=%2Fwp%2Fv2%2Ftags&post=4393"}],"curies":[{"name":"wp","href":"https:\/\/api.w.org\/{rel}","templated":true}]}}