{"id":4404,"date":"2022-07-02T12:29:40","date_gmt":"2022-07-02T16:29:40","guid":{"rendered":"http:\/\/radioprimiciapelluhue.cl\/?p=4404"},"modified":"2022-07-02T12:29:41","modified_gmt":"2022-07-02T16:29:41","slug":"continua-la-busqueda-de-la-ximena-hidalgo-desparecida-en-pelluhue","status":"publish","type":"post","link":"https:\/\/radioprimiciapelluhue.cl\/?p=4404","title":{"rendered":"Continua la b\u00fasqueda de la Ximena Hidalgo desparecida en Pelluhue"},"content":{"rendered":"\n<p>#CHANCO: Carabineros de la zona costera participa la reuni\u00f3n de Riesgo y Desastre (COGRID) junto a diversas instituciones, para continuar con la b\u00fasqueda de la mujer de 45 a\u00f1os desaparecida en la desembocadura del estero #LaPuntilla en Mariscadero Pelluhue hace ya dos d\u00edas. Se reanuda las acciones de rastreo en el \u00e1rea.<\/p>\n\n\n\n<p>El Mayor Jos\u00e9 Miguel Mu\u00f1oz Mart\u00ednez comisario de la segunda comisar\u00eda de Chanco informa.<\/p>\n\n\n\n<p>Podemos comentarles que ya nos encontramos en el tercer d\u00eda de b\u00fasqueda de la desaparici\u00f3n de la se\u00f1ora Ximena y como instituci\u00f3n hemos hecho bastantes esfuerzos en el sentido de disponer personal para las labores de b\u00fasqueda. Hoy d\u00eda acabamos de tener una reuni\u00f3n en el (COBRID) en la cual dispusimos algunos puntos de inter\u00e9s en la costa desde el sector de Mariscadero hasta Loanco, ya tenemos una ventana favorable por las condiciones clim\u00e1ticas y esperamos tener resultados positivos al d\u00eda de hoy.<\/p>\n\n\n\n<figure class=\"wp-block-image size-large\"><a href=\"http:\/\/radioprimiciapelluhue.cl\/wp-content\/uploads\/2022\/07\/WhatsApp-Image-2022-07-02-at-11.57.21-AM.jpeg\"><img loading=\"lazy\" decoding=\"async\" width=\"1024\" height=\"473\" src=\"http:\/\/radioprimiciapelluhue.cl\/wp-content\/uploads\/2022\/07\/WhatsApp-Image-2022-07-02-at-11.57.21-AM-1024x473.jpeg\" alt=\"\" class=\"wp-image-4405\" srcset=\"https:\/\/radioprimiciapelluhue.cl\/wp-content\/uploads\/2022\/07\/WhatsApp-Image-2022-07-02-at-11.57.21-AM-1024x473.jpeg 1024w, https:\/\/radioprimiciapelluhue.cl\/wp-content\/uploads\/2022\/07\/WhatsApp-Image-2022-07-02-at-11.57.21-AM-300x139.jpeg 300w, https:\/\/radioprimiciapelluhue.cl\/wp-content\/uploads\/2022\/07\/WhatsApp-Image-2022-07-02-at-11.57.21-AM-768x355.jpeg 768w, https:\/\/radioprimiciapelluhue.cl\/wp-content\/uploads\/2022\/07\/WhatsApp-Image-2022-07-02-at-11.57.21-AM-1536x709.jpeg 1536w, https:\/\/radioprimiciapelluhue.cl\/wp-content\/uploads\/2022\/07\/WhatsApp-Image-2022-07-02-at-11.57.21-AM.jpeg 1600w\" sizes=\"auto, (max-width: 1024px) 100vw, 1024px\" \/><\/a><\/figure>\n","protected":false},"excerpt":{"rendered":"<p>#CHANCO: Carabineros de la zona costera participa la reuni\u00f3n de Riesgo y Desastre (COGRID) junto a diversas instituciones, para continuar con la b\u00fasqueda de la mujer de 45 a\u00f1os desaparecida en la desembocadura del estero #LaPuntilla en Mariscadero Pelluhue hace ya dos d\u00edas. Se reanuda las acciones de rastreo en el \u00e1rea. El Mayor Jos\u00e9 [&hellip;]<\/p>\n","protected":false},"author":2,"featured_media":4080,"comment_status":"closed","ping_status":"closed","sticky":false,"template":"","format":"standard","meta":{"footnotes":""},"categories":[59],"tags":[],"class_list":["post-4404","post","type-post","status-publish","format-standard","has-post-thumbnail","hentry","category-policial"],"_links":{"self":[{"href":"https:\/\/radioprimiciapelluhue.cl\/index.php?rest_route=\/wp\/v2\/posts\/4404","targetHints":{"allow":["GET"]}}],"collection":[{"href":"https:\/\/radioprimiciapelluhue.cl\/index.php?rest_route=\/wp\/v2\/posts"}],"about":[{"href":"https:\/\/radioprimiciapelluhue.cl\/index.php?rest_route=\/wp\/v2\/types\/post"}],"author":[{"embeddable":true,"href":"https:\/\/radioprimiciapelluhue.cl\/index.php?rest_route=\/wp\/v2\/users\/2"}],"replies":[{"embeddable":true,"href":"https:\/\/radioprimiciapelluhue.cl\/index.php?rest_route=%2Fwp%2Fv2%2Fcomments&post=4404"}],"version-history":[{"count":1,"href":"https:\/\/radioprimiciapelluhue.cl\/index.php?rest_route=\/wp\/v2\/posts\/4404\/revisions"}],"predecessor-version":[{"id":4406,"href":"https:\/\/radioprimiciapelluhue.cl\/index.php?rest_route=\/wp\/v2\/posts\/4404\/revisions\/4406"}],"wp:featuredmedia":[{"embeddable":true,"href":"https:\/\/radioprimiciapelluhue.cl\/index.php?rest_route=\/wp\/v2\/media\/4080"}],"wp:attachment":[{"href":"https:\/\/radioprimiciapelluhue.cl\/index.php?rest_route=%2Fwp%2Fv2%2Fmedia&parent=4404"}],"wp:term":[{"taxonomy":"category","embeddable":true,"href":"https:\/\/radioprimiciapelluhue.cl\/index.php?rest_route=%2Fwp%2Fv2%2Fcategories&post=4404"},{"taxonomy":"post_tag","embeddable":true,"href":"https:\/\/radioprimiciapelluhue.cl\/index.php?rest_route=%2Fwp%2Fv2%2Ftags&post=4404"}],"curies":[{"name":"wp","href":"https:\/\/api.w.org\/{rel}","templated":true}]}}