{"id":4407,"date":"2022-07-02T18:48:09","date_gmt":"2022-07-02T22:48:09","guid":{"rendered":"http:\/\/radioprimiciapelluhue.cl\/?p=4407"},"modified":"2022-07-02T18:48:09","modified_gmt":"2022-07-02T22:48:09","slug":"sin-resultados-en-la-busqueda-de-ximena-fuensalida","status":"publish","type":"post","link":"https:\/\/radioprimiciapelluhue.cl\/?p=4407","title":{"rendered":"SIN RESULTADOS EN LA BUSQUEDA DE XIMENA FUENSALIDA"},"content":{"rendered":"\n<p>Hoy s\u00e1bado 02 de julio 2022 sigui\u00f3 la b\u00fasqueda de Ximena Fuensalida, desaparecida el jueves en la tarde luego que fuera arrastrada en la desembocadura del estero la Puntilla en Mariscadero comuna Pelluhue, trabajaron Carabineros, Armada, Bomberos, Emergencia Municipal con apoyo de Cauquenes y Chanco sin tener resultados, ma\u00f1ana domingo se continuar\u00eda con el trabajo en hallar el cuerpo para que sea despedida por su familia como corresponde y darle el descanso eterno<\/p>\n\n\n\n<figure class=\"wp-block-image size-large\"><a href=\"http:\/\/radioprimiciapelluhue.cl\/wp-content\/uploads\/2022\/07\/WhatsApp-Image-2022-07-02-at-6.45.17-PM.jpeg\"><img loading=\"lazy\" decoding=\"async\" width=\"1024\" height=\"473\" src=\"http:\/\/radioprimiciapelluhue.cl\/wp-content\/uploads\/2022\/07\/WhatsApp-Image-2022-07-02-at-6.45.17-PM-1024x473.jpeg\" alt=\"\" class=\"wp-image-4408\" srcset=\"https:\/\/radioprimiciapelluhue.cl\/wp-content\/uploads\/2022\/07\/WhatsApp-Image-2022-07-02-at-6.45.17-PM-1024x473.jpeg 1024w, https:\/\/radioprimiciapelluhue.cl\/wp-content\/uploads\/2022\/07\/WhatsApp-Image-2022-07-02-at-6.45.17-PM-300x139.jpeg 300w, https:\/\/radioprimiciapelluhue.cl\/wp-content\/uploads\/2022\/07\/WhatsApp-Image-2022-07-02-at-6.45.17-PM-768x355.jpeg 768w, https:\/\/radioprimiciapelluhue.cl\/wp-content\/uploads\/2022\/07\/WhatsApp-Image-2022-07-02-at-6.45.17-PM-1536x709.jpeg 1536w, https:\/\/radioprimiciapelluhue.cl\/wp-content\/uploads\/2022\/07\/WhatsApp-Image-2022-07-02-at-6.45.17-PM.jpeg 1600w\" sizes=\"auto, (max-width: 1024px) 100vw, 1024px\" \/><\/a><\/figure>\n","protected":false},"excerpt":{"rendered":"<p>Hoy s\u00e1bado 02 de julio 2022 sigui\u00f3 la b\u00fasqueda de Ximena Fuensalida, desaparecida el jueves en la tarde luego que fuera arrastrada en la desembocadura del estero la Puntilla en Mariscadero comuna Pelluhue, trabajaron Carabineros, Armada, Bomberos, Emergencia Municipal con apoyo de Cauquenes y Chanco sin tener resultados, ma\u00f1ana domingo se continuar\u00eda con el trabajo [&hellip;]<\/p>\n","protected":false},"author":2,"featured_media":4408,"comment_status":"closed","ping_status":"closed","sticky":false,"template":"","format":"standard","meta":{"footnotes":""},"categories":[2],"tags":[],"class_list":["post-4407","post","type-post","status-publish","format-standard","has-post-thumbnail","hentry","category-noticias"],"_links":{"self":[{"href":"https:\/\/radioprimiciapelluhue.cl\/index.php?rest_route=\/wp\/v2\/posts\/4407","targetHints":{"allow":["GET"]}}],"collection":[{"href":"https:\/\/radioprimiciapelluhue.cl\/index.php?rest_route=\/wp\/v2\/posts"}],"about":[{"href":"https:\/\/radioprimiciapelluhue.cl\/index.php?rest_route=\/wp\/v2\/types\/post"}],"author":[{"embeddable":true,"href":"https:\/\/radioprimiciapelluhue.cl\/index.php?rest_route=\/wp\/v2\/users\/2"}],"replies":[{"embeddable":true,"href":"https:\/\/radioprimiciapelluhue.cl\/index.php?rest_route=%2Fwp%2Fv2%2Fcomments&post=4407"}],"version-history":[{"count":1,"href":"https:\/\/radioprimiciapelluhue.cl\/index.php?rest_route=\/wp\/v2\/posts\/4407\/revisions"}],"predecessor-version":[{"id":4409,"href":"https:\/\/radioprimiciapelluhue.cl\/index.php?rest_route=\/wp\/v2\/posts\/4407\/revisions\/4409"}],"wp:featuredmedia":[{"embeddable":true,"href":"https:\/\/radioprimiciapelluhue.cl\/index.php?rest_route=\/wp\/v2\/media\/4408"}],"wp:attachment":[{"href":"https:\/\/radioprimiciapelluhue.cl\/index.php?rest_route=%2Fwp%2Fv2%2Fmedia&parent=4407"}],"wp:term":[{"taxonomy":"category","embeddable":true,"href":"https:\/\/radioprimiciapelluhue.cl\/index.php?rest_route=%2Fwp%2Fv2%2Fcategories&post=4407"},{"taxonomy":"post_tag","embeddable":true,"href":"https:\/\/radioprimiciapelluhue.cl\/index.php?rest_route=%2Fwp%2Fv2%2Ftags&post=4407"}],"curies":[{"name":"wp","href":"https:\/\/api.w.org\/{rel}","templated":true}]}}