{"id":4410,"date":"2022-07-03T12:24:22","date_gmt":"2022-07-03T16:24:22","guid":{"rendered":"http:\/\/radioprimiciapelluhue.cl\/?p=4410"},"modified":"2022-07-03T12:24:24","modified_gmt":"2022-07-03T16:24:24","slug":"sigue-la-busqueda-de-ximena-fuensalida","status":"publish","type":"post","link":"https:\/\/radioprimiciapelluhue.cl\/?p=4410","title":{"rendered":"SIGUE LA BUSQUEDA DE XIMENA FUENSALIDA"},"content":{"rendered":"\n<p>Carabineros inicia los rastreos de Ximena la se\u00f1ora desaparecida desde el jueves en el sector estero <a href=\"https:\/\/www.facebook.com\/hashtag\/lapuntilla?__eep__=6&amp;__cft__%5b0%5d=AZXMs1_SV2Xffhe8nu_BNz-YZ41r_90PPHR2YJ_yDTs4bqy00LG9hP22cpbdv-w2fGleSO4xj6JL_OAP_RO9IAT0B2NIUFrAX-lPvItVqVGREelKhRn0Ap27Cj6jyyCh02RfxCWzRIWRmJk7f6EJr6WEmOHAliEzb1SlbtRt5wbQ_wQUvVPrte4gEAAcT45PaI6YaEKKddjd1hnu72_pbP81&amp;__tn__=*NK-R\">#LaPuntilla<\/a> de <a href=\"https:\/\/www.facebook.com\/hashtag\/mariscadero?__eep__=6&amp;__cft__%5b0%5d=AZXMs1_SV2Xffhe8nu_BNz-YZ41r_90PPHR2YJ_yDTs4bqy00LG9hP22cpbdv-w2fGleSO4xj6JL_OAP_RO9IAT0B2NIUFrAX-lPvItVqVGREelKhRn0Ap27Cj6jyyCh02RfxCWzRIWRmJk7f6EJr6WEmOHAliEzb1SlbtRt5wbQ_wQUvVPrte4gEAAcT45PaI6YaEKKddjd1hnu72_pbP81&amp;__tn__=*NK-R\">#Mariscadero<\/a> siguiendo estrategias coordinadas con <a href=\"https:\/\/www.facebook.com\/hashtag\/bomberos?__eep__=6&amp;__cft__%5b0%5d=AZXMs1_SV2Xffhe8nu_BNz-YZ41r_90PPHR2YJ_yDTs4bqy00LG9hP22cpbdv-w2fGleSO4xj6JL_OAP_RO9IAT0B2NIUFrAX-lPvItVqVGREelKhRn0Ap27Cj6jyyCh02RfxCWzRIWRmJk7f6EJr6WEmOHAliEzb1SlbtRt5wbQ_wQUvVPrte4gEAAcT45PaI6YaEKKddjd1hnu72_pbP81&amp;__tn__=*NK-R\">#Bomberos<\/a> de Cauquenes, Chanco, <a href=\"https:\/\/www.facebook.com\/hashtag\/pelluhue?__eep__=6&amp;__cft__%5b0%5d=AZXMs1_SV2Xffhe8nu_BNz-YZ41r_90PPHR2YJ_yDTs4bqy00LG9hP22cpbdv-w2fGleSO4xj6JL_OAP_RO9IAT0B2NIUFrAX-lPvItVqVGREelKhRn0Ap27Cj6jyyCh02RfxCWzRIWRmJk7f6EJr6WEmOHAliEzb1SlbtRt5wbQ_wQUvVPrte4gEAAcT45PaI6YaEKKddjd1hnu72_pbP81&amp;__tn__=*NK-R\">#Pelluhue<\/a>, la Armada y equipos de emergencias Municipales de la Provincia de Cauquenes, adem\u00e1s de lugare\u00f1os apoyan en el rastreo.<\/p>\n\n\n\n<p>El accionar depender\u00e1 exclusivamente de las condiciones clim\u00e1ticas del d\u00eda.<\/p>\n\n\n\n<p>Esperamos que hoy tengamos buenas novedades para la familia<\/p>\n\n\n\n<figure class=\"wp-block-image size-large\"><a href=\"http:\/\/radioprimiciapelluhue.cl\/wp-content\/uploads\/2022\/07\/291402295_2438174882988961_947346835870245172_n.jpg\"><img loading=\"lazy\" decoding=\"async\" width=\"1024\" height=\"766\" src=\"http:\/\/radioprimiciapelluhue.cl\/wp-content\/uploads\/2022\/07\/291402295_2438174882988961_947346835870245172_n-1024x766.jpg\" alt=\"\" class=\"wp-image-4411\" srcset=\"https:\/\/radioprimiciapelluhue.cl\/wp-content\/uploads\/2022\/07\/291402295_2438174882988961_947346835870245172_n-1024x766.jpg 1024w, https:\/\/radioprimiciapelluhue.cl\/wp-content\/uploads\/2022\/07\/291402295_2438174882988961_947346835870245172_n-300x225.jpg 300w, https:\/\/radioprimiciapelluhue.cl\/wp-content\/uploads\/2022\/07\/291402295_2438174882988961_947346835870245172_n-768x575.jpg 768w, https:\/\/radioprimiciapelluhue.cl\/wp-content\/uploads\/2022\/07\/291402295_2438174882988961_947346835870245172_n.jpg 1280w\" sizes=\"auto, (max-width: 1024px) 100vw, 1024px\" \/><\/a><\/figure>\n","protected":false},"excerpt":{"rendered":"<p>Carabineros inicia los rastreos de Ximena la se\u00f1ora desaparecida desde el jueves en el sector estero #LaPuntilla de #Mariscadero siguiendo estrategias coordinadas con #Bomberos de Cauquenes, Chanco, #Pelluhue, la Armada y equipos de emergencias Municipales de la Provincia de Cauquenes, adem\u00e1s de lugare\u00f1os apoyan en el rastreo. El accionar depender\u00e1 exclusivamente de las condiciones clim\u00e1ticas [&hellip;]<\/p>\n","protected":false},"author":2,"featured_media":4263,"comment_status":"closed","ping_status":"closed","sticky":false,"template":"","format":"standard","meta":{"footnotes":""},"categories":[59],"tags":[],"class_list":["post-4410","post","type-post","status-publish","format-standard","has-post-thumbnail","hentry","category-policial"],"_links":{"self":[{"href":"https:\/\/radioprimiciapelluhue.cl\/index.php?rest_route=\/wp\/v2\/posts\/4410","targetHints":{"allow":["GET"]}}],"collection":[{"href":"https:\/\/radioprimiciapelluhue.cl\/index.php?rest_route=\/wp\/v2\/posts"}],"about":[{"href":"https:\/\/radioprimiciapelluhue.cl\/index.php?rest_route=\/wp\/v2\/types\/post"}],"author":[{"embeddable":true,"href":"https:\/\/radioprimiciapelluhue.cl\/index.php?rest_route=\/wp\/v2\/users\/2"}],"replies":[{"embeddable":true,"href":"https:\/\/radioprimiciapelluhue.cl\/index.php?rest_route=%2Fwp%2Fv2%2Fcomments&post=4410"}],"version-history":[{"count":1,"href":"https:\/\/radioprimiciapelluhue.cl\/index.php?rest_route=\/wp\/v2\/posts\/4410\/revisions"}],"predecessor-version":[{"id":4412,"href":"https:\/\/radioprimiciapelluhue.cl\/index.php?rest_route=\/wp\/v2\/posts\/4410\/revisions\/4412"}],"wp:featuredmedia":[{"embeddable":true,"href":"https:\/\/radioprimiciapelluhue.cl\/index.php?rest_route=\/wp\/v2\/media\/4263"}],"wp:attachment":[{"href":"https:\/\/radioprimiciapelluhue.cl\/index.php?rest_route=%2Fwp%2Fv2%2Fmedia&parent=4410"}],"wp:term":[{"taxonomy":"category","embeddable":true,"href":"https:\/\/radioprimiciapelluhue.cl\/index.php?rest_route=%2Fwp%2Fv2%2Fcategories&post=4410"},{"taxonomy":"post_tag","embeddable":true,"href":"https:\/\/radioprimiciapelluhue.cl\/index.php?rest_route=%2Fwp%2Fv2%2Ftags&post=4410"}],"curies":[{"name":"wp","href":"https:\/\/api.w.org\/{rel}","templated":true}]}}