{"id":4413,"date":"2022-07-03T20:05:17","date_gmt":"2022-07-04T00:05:17","guid":{"rendered":"http:\/\/radioprimiciapelluhue.cl\/?p=4413"},"modified":"2022-07-03T20:05:18","modified_gmt":"2022-07-04T00:05:18","slug":"mercado-de-biocombustibles-solidos","status":"publish","type":"post","link":"https:\/\/radioprimiciapelluhue.cl\/?p=4413","title":{"rendered":"MERCADO DE BIOCOMBUSTIBLES SOLIDOS"},"content":{"rendered":"\n<p>Recientemente aprobada por la C\u00e1mara de Diputados:<\/p>\n\n\n\n<p><strong>Norma busca regular el<\/strong><\/p>\n\n\n\n<p><strong>mercado de biocombustibles s\u00f3lidos<\/strong><\/p>\n\n\n\n<p>\u00b7&nbsp;&nbsp;&nbsp;&nbsp;&nbsp;&nbsp; La propuesta establece que todo biocombustible s\u00f3lido que se comercialice en el pa\u00eds debe cumplir con especificaciones t\u00e9cnicas m\u00ednimas de calidad.<\/p>\n\n\n\n<p>La normativa recientemente aprobada por la C\u00e1mara de Diputados, regula las obligaciones de los actores del mercado de biocombustibles s\u00f3lidos, establece exigencias para el transporte de estos productos y describe conceptos como biomasa, biocombustibles s\u00f3lidos y centro de procesamiento de biomasa.<\/p>\n\n\n\n<p>Asimismo, se proh\u00edbe la comercializaci\u00f3n de le\u00f1a que presente contaminaci\u00f3n por sustancias qu\u00edmicas de cualquier tipo que sean nocivas para el medioambiente y no se autorizar\u00e1 el uso de le\u00f1a proveniente de bosque nativo sin el respectivo plan de manejo aprobado por la Conaf.<\/p>\n\n\n\n<p>Para el diputado Benjam\u00edn Moreno, esta iniciativa es muy positiva, debido a que \u201cla le\u00f1a es parte de la realidad rural y es el medio de calefacci\u00f3n de muchos. Me alegro por todos aquellos productores que he podido conocer y que trabajan profesionalmente en la industria de la le\u00f1a, ya que esto no s\u00f3lo viene a ponerlos en una competencia m\u00e1s justa y equiparar la cancha, sino que tambi\u00e9n, les va a permitir destacar por su esfuerzo y por su trabajo\u201d.<\/p>\n\n\n\n<p>Esta iniciativa realiza diversas modificaciones a otras leyes para la adecuaci\u00f3n de las presentes normas. Tambi\u00e9n fija los plazos para que se dicte el reglamento y para la determinaci\u00f3n de los requisitos para los organismos certificadores.<\/p>\n\n\n\n<p>\u201cEstoy muy contento por esta norma, ya que se hace cargo de la realidad que tenemos en nuestra regi\u00f3n del Maule y en tantas otras zonas rurales de Chile. Una entrada en vigencia escalonada, una exigencia que es exclusivamente para productores, comercializadores y transportistas haci\u00e9ndose cargo de la cadena productiva y tambi\u00e9n beneficia a todos aquellos que trabajan de buena manera la le\u00f1a\u201d enfatiz\u00f3 el parlamentario.<\/p>\n\n\n\n<p>Adicionalmente, considera un calendario de entrada en vigencia de la Ley que toma como referencia el nivel de saturaci\u00f3n de las comunas. De tal modo, las m\u00e1s saturadas entrar\u00e1n al a\u00f1o de publicada la Ley, un segundo grupo a los tres a\u00f1os y las siguientes a los cinco a\u00f1os.<\/p>\n\n\n\n<figure class=\"wp-block-image size-large\"><a href=\"http:\/\/radioprimiciapelluhue.cl\/wp-content\/uploads\/2022\/07\/WhatsApp-Image-2022-07-03-at-7.47.29-PM.jpeg\"><img loading=\"lazy\" decoding=\"async\" width=\"1024\" height=\"551\" src=\"http:\/\/radioprimiciapelluhue.cl\/wp-content\/uploads\/2022\/07\/WhatsApp-Image-2022-07-03-at-7.47.29-PM-1024x551.jpeg\" alt=\"\" class=\"wp-image-4414\" srcset=\"https:\/\/radioprimiciapelluhue.cl\/wp-content\/uploads\/2022\/07\/WhatsApp-Image-2022-07-03-at-7.47.29-PM-1024x551.jpeg 1024w, https:\/\/radioprimiciapelluhue.cl\/wp-content\/uploads\/2022\/07\/WhatsApp-Image-2022-07-03-at-7.47.29-PM-300x162.jpeg 300w, https:\/\/radioprimiciapelluhue.cl\/wp-content\/uploads\/2022\/07\/WhatsApp-Image-2022-07-03-at-7.47.29-PM-768x414.jpeg 768w, https:\/\/radioprimiciapelluhue.cl\/wp-content\/uploads\/2022\/07\/WhatsApp-Image-2022-07-03-at-7.47.29-PM.jpeg 1144w\" sizes=\"auto, (max-width: 1024px) 100vw, 1024px\" \/><\/a><\/figure>\n","protected":false},"excerpt":{"rendered":"<p>Recientemente aprobada por la C\u00e1mara de Diputados: Norma busca regular el mercado de biocombustibles s\u00f3lidos \u00b7&nbsp;&nbsp;&nbsp;&nbsp;&nbsp;&nbsp; La propuesta establece que todo biocombustible s\u00f3lido que se comercialice en el pa\u00eds debe cumplir con especificaciones t\u00e9cnicas m\u00ednimas de calidad. La normativa recientemente aprobada por la C\u00e1mara de Diputados, regula las obligaciones de los actores del mercado de [&hellip;]<\/p>\n","protected":false},"author":2,"featured_media":4414,"comment_status":"closed","ping_status":"closed","sticky":false,"template":"","format":"standard","meta":{"footnotes":""},"categories":[2],"tags":[],"class_list":["post-4413","post","type-post","status-publish","format-standard","has-post-thumbnail","hentry","category-noticias"],"_links":{"self":[{"href":"https:\/\/radioprimiciapelluhue.cl\/index.php?rest_route=\/wp\/v2\/posts\/4413","targetHints":{"allow":["GET"]}}],"collection":[{"href":"https:\/\/radioprimiciapelluhue.cl\/index.php?rest_route=\/wp\/v2\/posts"}],"about":[{"href":"https:\/\/radioprimiciapelluhue.cl\/index.php?rest_route=\/wp\/v2\/types\/post"}],"author":[{"embeddable":true,"href":"https:\/\/radioprimiciapelluhue.cl\/index.php?rest_route=\/wp\/v2\/users\/2"}],"replies":[{"embeddable":true,"href":"https:\/\/radioprimiciapelluhue.cl\/index.php?rest_route=%2Fwp%2Fv2%2Fcomments&post=4413"}],"version-history":[{"count":1,"href":"https:\/\/radioprimiciapelluhue.cl\/index.php?rest_route=\/wp\/v2\/posts\/4413\/revisions"}],"predecessor-version":[{"id":4415,"href":"https:\/\/radioprimiciapelluhue.cl\/index.php?rest_route=\/wp\/v2\/posts\/4413\/revisions\/4415"}],"wp:featuredmedia":[{"embeddable":true,"href":"https:\/\/radioprimiciapelluhue.cl\/index.php?rest_route=\/wp\/v2\/media\/4414"}],"wp:attachment":[{"href":"https:\/\/radioprimiciapelluhue.cl\/index.php?rest_route=%2Fwp%2Fv2%2Fmedia&parent=4413"}],"wp:term":[{"taxonomy":"category","embeddable":true,"href":"https:\/\/radioprimiciapelluhue.cl\/index.php?rest_route=%2Fwp%2Fv2%2Fcategories&post=4413"},{"taxonomy":"post_tag","embeddable":true,"href":"https:\/\/radioprimiciapelluhue.cl\/index.php?rest_route=%2Fwp%2Fv2%2Ftags&post=4413"}],"curies":[{"name":"wp","href":"https:\/\/api.w.org\/{rel}","templated":true}]}}