{"id":4423,"date":"2022-07-04T19:45:08","date_gmt":"2022-07-04T23:45:08","guid":{"rendered":"http:\/\/radioprimiciapelluhue.cl\/?p=4423"},"modified":"2022-07-04T19:45:08","modified_gmt":"2022-07-04T23:45:08","slug":"carabineros-sigue-con-la-busqueda-de-persona-desaparecida-en-el-mar-de-pelluhue","status":"publish","type":"post","link":"https:\/\/radioprimiciapelluhue.cl\/?p=4423","title":{"rendered":"CARABINEROS SIGUE CON LA BUSQUEDA DE PERSONA DESAPARECIDA EN EL MAR DE PELLUHUE"},"content":{"rendered":"\n<p>Comisario de la Segunda Comisar\u00eda de Chanco el se\u00f1or Jos\u00e9 Mu\u00f1oz informa que sigue la b\u00fasqueda de la se\u00f1ora Ximena desaparecida el pasado jueves 30 de junio siendo arrastrada Justo cuando cruzaba de un segundo a otro se abri\u00f3 la desembocadura del estero la Puntilla en Mariscadero lamentablemente a\u00fan no aparece su cuerpo.<\/p>\n\n\n\n<p>Lamentablemente sin resultados positivos el d\u00eda de hoy, ma\u00f1ana continuar\u00e1n con la b\u00fasqueda<\/p>\n\n\n\n<figure class=\"wp-block-image size-large\"><a href=\"http:\/\/radioprimiciapelluhue.cl\/wp-content\/uploads\/2022\/07\/Sin-titulo.jpg\"><img loading=\"lazy\" decoding=\"async\" width=\"1024\" height=\"576\" src=\"http:\/\/radioprimiciapelluhue.cl\/wp-content\/uploads\/2022\/07\/Sin-titulo-1024x576.jpg\" alt=\"\" class=\"wp-image-4424\" srcset=\"https:\/\/radioprimiciapelluhue.cl\/wp-content\/uploads\/2022\/07\/Sin-titulo-1024x576.jpg 1024w, https:\/\/radioprimiciapelluhue.cl\/wp-content\/uploads\/2022\/07\/Sin-titulo-300x169.jpg 300w, https:\/\/radioprimiciapelluhue.cl\/wp-content\/uploads\/2022\/07\/Sin-titulo-768x432.jpg 768w, https:\/\/radioprimiciapelluhue.cl\/wp-content\/uploads\/2022\/07\/Sin-titulo-727x409.jpg 727w, https:\/\/radioprimiciapelluhue.cl\/wp-content\/uploads\/2022\/07\/Sin-titulo-1110x624.jpg 1110w, https:\/\/radioprimiciapelluhue.cl\/wp-content\/uploads\/2022\/07\/Sin-titulo-720x406.jpg 720w, https:\/\/radioprimiciapelluhue.cl\/wp-content\/uploads\/2022\/07\/Sin-titulo-750x422.jpg 750w, https:\/\/radioprimiciapelluhue.cl\/wp-content\/uploads\/2022\/07\/Sin-titulo.jpg 1366w\" sizes=\"auto, (max-width: 1024px) 100vw, 1024px\" \/><\/a><\/figure>\n","protected":false},"excerpt":{"rendered":"<p>Comisario de la Segunda Comisar\u00eda de Chanco el se\u00f1or Jos\u00e9 Mu\u00f1oz informa que sigue la b\u00fasqueda de la se\u00f1ora Ximena desaparecida el pasado jueves 30 de junio siendo arrastrada Justo cuando cruzaba de un segundo a otro se abri\u00f3 la desembocadura del estero la Puntilla en Mariscadero lamentablemente a\u00fan no aparece su cuerpo. Lamentablemente sin [&hellip;]<\/p>\n","protected":false},"author":2,"featured_media":4424,"comment_status":"closed","ping_status":"closed","sticky":false,"template":"","format":"standard","meta":{"footnotes":""},"categories":[59],"tags":[],"class_list":["post-4423","post","type-post","status-publish","format-standard","has-post-thumbnail","hentry","category-policial"],"_links":{"self":[{"href":"https:\/\/radioprimiciapelluhue.cl\/index.php?rest_route=\/wp\/v2\/posts\/4423","targetHints":{"allow":["GET"]}}],"collection":[{"href":"https:\/\/radioprimiciapelluhue.cl\/index.php?rest_route=\/wp\/v2\/posts"}],"about":[{"href":"https:\/\/radioprimiciapelluhue.cl\/index.php?rest_route=\/wp\/v2\/types\/post"}],"author":[{"embeddable":true,"href":"https:\/\/radioprimiciapelluhue.cl\/index.php?rest_route=\/wp\/v2\/users\/2"}],"replies":[{"embeddable":true,"href":"https:\/\/radioprimiciapelluhue.cl\/index.php?rest_route=%2Fwp%2Fv2%2Fcomments&post=4423"}],"version-history":[{"count":1,"href":"https:\/\/radioprimiciapelluhue.cl\/index.php?rest_route=\/wp\/v2\/posts\/4423\/revisions"}],"predecessor-version":[{"id":4425,"href":"https:\/\/radioprimiciapelluhue.cl\/index.php?rest_route=\/wp\/v2\/posts\/4423\/revisions\/4425"}],"wp:featuredmedia":[{"embeddable":true,"href":"https:\/\/radioprimiciapelluhue.cl\/index.php?rest_route=\/wp\/v2\/media\/4424"}],"wp:attachment":[{"href":"https:\/\/radioprimiciapelluhue.cl\/index.php?rest_route=%2Fwp%2Fv2%2Fmedia&parent=4423"}],"wp:term":[{"taxonomy":"category","embeddable":true,"href":"https:\/\/radioprimiciapelluhue.cl\/index.php?rest_route=%2Fwp%2Fv2%2Fcategories&post=4423"},{"taxonomy":"post_tag","embeddable":true,"href":"https:\/\/radioprimiciapelluhue.cl\/index.php?rest_route=%2Fwp%2Fv2%2Ftags&post=4423"}],"curies":[{"name":"wp","href":"https:\/\/api.w.org\/{rel}","templated":true}]}}