{"id":4430,"date":"2022-07-06T21:21:56","date_gmt":"2022-07-07T01:21:56","guid":{"rendered":"http:\/\/radioprimiciapelluhue.cl\/?p=4430"},"modified":"2022-07-06T21:21:57","modified_gmt":"2022-07-07T01:21:57","slug":"senadora-rincon-y-plebiscito-de-septiembre-voy-a-votar-rechazo","status":"publish","type":"post","link":"https:\/\/radioprimiciapelluhue.cl\/?p=4430","title":{"rendered":"Senadora Rinc\u00f3n y plebiscito de septiembre: \u201cVoy a votar Rechazo\u201d"},"content":{"rendered":"\n<p>Dijo que tras una profunda reflexi\u00f3n, lleg\u00f3 a la conclusi\u00f3n de que el texto propuesto por la Convenci\u00f3n Constitucional provoca un desequilibrio enorme en los poderes, quita autonom\u00eda al Poder Judicial y no tiene contrapeso a la autoridad. \u201cCreo desde la convicci\u00f3n m\u00e1s profunda que este texto no es bueno para el pa\u00eds\u201d, asegur\u00f3 la parlamentaria<\/p>\n\n\n\n<p>Su decisi\u00f3n de votar rechazo en el plebiscito del cuatro de septiembre sobre la propuesta de nueva Constituci\u00f3n redactada por la convenci\u00f3n constitucional, anunci\u00f3 la Senadora por el Maule, Ximena Rinc\u00f3n, quien asegur\u00f3 que el texto no es bueno para el pa\u00eds.<\/p>\n\n\n\n<p>\u201cCreo desde la convicci\u00f3n m\u00e1s profunda que este texto no es bueno para el pa\u00eds. Chile se merece una buena nueva Constituci\u00f3n, pero no es esta que se nos propone\u201d, asegur\u00f3 la parlamentaria.<\/p>\n\n\n\n<p>A\u00f1adi\u00f3 que la decisi\u00f3n la tom\u00f3 luego de una profunda reflexi\u00f3n y de revisar en detalle el borrador que entreg\u00f3 el \u00f3rgano constituyente, que a su juicio presenta aspectos que no son positivos para el futuro del pa\u00eds.<\/p>\n\n\n\n<p>\u201cLleg\u00f3 la hora de atrevernos a estar en contra del texto que nos proponen y, por esa raz\u00f3n, porque&nbsp;no le hace bien a nuestro pa\u00eds,&nbsp;porque no va a permitir que hombres y mujeres logren dignidad, logren materializar sus sue\u00f1os y&nbsp;porque provoca un desequilibrio enorme en los poderes, porque quita autonom\u00eda al Poder Judicial y porque no hay contrapeso a la autoridad, yo voy a votar Rechazo\u201d, argument\u00f3 la legisladora.<\/p>\n\n\n\n<p>Agreg\u00f3 que sigui\u00f3 con detalle los debates del Pleno, de comisiones y el de distintos espacios de intercambio de opini\u00f3n para tomar una decisi\u00f3n pensando en el futuro del pa\u00eds.<\/p>\n\n\n\n<p>En este sentido, la Senadora dijo que la propuesta constitucional tiene aspectos positivos, como el tener un Estado social y democr\u00e1tico de derecho, pero que ello no va acompa\u00f1ado de un marco s\u00f3lido para que el ciudadano pueda ejercer sus prerrogativas.<\/p>\n\n\n\n<p>\u00abEl tener derechos sociales garantizados es importante y relevante, pero cuando no tiene financiamiento y adem\u00e1s se quita el recurso de protecci\u00f3n y se les da una acci\u00f3n de tutela que puede demorar dos a\u00f1os en materializarse, si es que lo logra, es enga\u00f1ar a la ciudadan\u00eda\u00bb, expres\u00f3 la parlamentaria.<\/p>\n\n\n\n<p>Ximena Rinc\u00f3n sostuvo que el plebiscito no es una contienda entre derecha e izquierda, sino que sobre el trabajo de la Convenci\u00f3n Constitucional plasmado en la propuesta de carta fundamental.&nbsp;<\/p>\n\n\n\n<p>En este sentido, dijo que tal como en el plebiscito de 1988, en esta ocasi\u00f3n debe actuarse con valent\u00eda. \u201cEn esa ocasi\u00f3n, hombres y mujeres se expresaron de manera valiente y dijeron No a una dictadura. Creo que lleg\u00f3 la hora de atrevernos a estar en contra del texto que nos proponen\u00bb, concluy\u00f3.<\/p>\n\n\n\n<figure class=\"wp-block-image size-large\"><a href=\"http:\/\/radioprimiciapelluhue.cl\/wp-content\/uploads\/2022\/07\/07-06-rechazo-plebiscito.jpg\"><img loading=\"lazy\" decoding=\"async\" width=\"1024\" height=\"682\" src=\"http:\/\/radioprimiciapelluhue.cl\/wp-content\/uploads\/2022\/07\/07-06-rechazo-plebiscito-1024x682.jpg\" alt=\"\" class=\"wp-image-4431\" srcset=\"https:\/\/radioprimiciapelluhue.cl\/wp-content\/uploads\/2022\/07\/07-06-rechazo-plebiscito-1024x682.jpg 1024w, https:\/\/radioprimiciapelluhue.cl\/wp-content\/uploads\/2022\/07\/07-06-rechazo-plebiscito-300x200.jpg 300w, https:\/\/radioprimiciapelluhue.cl\/wp-content\/uploads\/2022\/07\/07-06-rechazo-plebiscito-768x512.jpg 768w, https:\/\/radioprimiciapelluhue.cl\/wp-content\/uploads\/2022\/07\/07-06-rechazo-plebiscito.jpg 1280w\" sizes=\"auto, (max-width: 1024px) 100vw, 1024px\" \/><\/a><\/figure>\n","protected":false},"excerpt":{"rendered":"<p>Dijo que tras una profunda reflexi\u00f3n, lleg\u00f3 a la conclusi\u00f3n de que el texto propuesto por la Convenci\u00f3n Constitucional provoca un desequilibrio enorme en los poderes, quita autonom\u00eda al Poder Judicial y no tiene contrapeso a la autoridad. \u201cCreo desde la convicci\u00f3n m\u00e1s profunda que este texto no es bueno para el pa\u00eds\u201d, asegur\u00f3 la [&hellip;]<\/p>\n","protected":false},"author":2,"featured_media":4431,"comment_status":"closed","ping_status":"closed","sticky":false,"template":"","format":"standard","meta":{"footnotes":""},"categories":[60],"tags":[],"class_list":["post-4430","post","type-post","status-publish","format-standard","has-post-thumbnail","hentry","category-politica"],"_links":{"self":[{"href":"https:\/\/radioprimiciapelluhue.cl\/index.php?rest_route=\/wp\/v2\/posts\/4430","targetHints":{"allow":["GET"]}}],"collection":[{"href":"https:\/\/radioprimiciapelluhue.cl\/index.php?rest_route=\/wp\/v2\/posts"}],"about":[{"href":"https:\/\/radioprimiciapelluhue.cl\/index.php?rest_route=\/wp\/v2\/types\/post"}],"author":[{"embeddable":true,"href":"https:\/\/radioprimiciapelluhue.cl\/index.php?rest_route=\/wp\/v2\/users\/2"}],"replies":[{"embeddable":true,"href":"https:\/\/radioprimiciapelluhue.cl\/index.php?rest_route=%2Fwp%2Fv2%2Fcomments&post=4430"}],"version-history":[{"count":1,"href":"https:\/\/radioprimiciapelluhue.cl\/index.php?rest_route=\/wp\/v2\/posts\/4430\/revisions"}],"predecessor-version":[{"id":4432,"href":"https:\/\/radioprimiciapelluhue.cl\/index.php?rest_route=\/wp\/v2\/posts\/4430\/revisions\/4432"}],"wp:featuredmedia":[{"embeddable":true,"href":"https:\/\/radioprimiciapelluhue.cl\/index.php?rest_route=\/wp\/v2\/media\/4431"}],"wp:attachment":[{"href":"https:\/\/radioprimiciapelluhue.cl\/index.php?rest_route=%2Fwp%2Fv2%2Fmedia&parent=4430"}],"wp:term":[{"taxonomy":"category","embeddable":true,"href":"https:\/\/radioprimiciapelluhue.cl\/index.php?rest_route=%2Fwp%2Fv2%2Fcategories&post=4430"},{"taxonomy":"post_tag","embeddable":true,"href":"https:\/\/radioprimiciapelluhue.cl\/index.php?rest_route=%2Fwp%2Fv2%2Ftags&post=4430"}],"curies":[{"name":"wp","href":"https:\/\/api.w.org\/{rel}","templated":true}]}}