{"id":4457,"date":"2022-07-21T22:01:19","date_gmt":"2022-07-22T02:01:19","guid":{"rendered":"http:\/\/radioprimiciapelluhue.cl\/?p=4457"},"modified":"2022-07-21T22:01:20","modified_gmt":"2022-07-22T02:01:20","slug":"violencia-intrafamiliar","status":"publish","type":"post","link":"https:\/\/radioprimiciapelluhue.cl\/?p=4457","title":{"rendered":"VIOLENCIA INTRAFAMILIAR"},"content":{"rendered":"\n<p>En esta oportunidad nos acompa\u00f1a la se\u00f1orita Sargento Segundo Paula Amigo Encargada oficina de Violencia Intrafamiliar de la Segunda Comisar\u00eda de Chanco<\/p>\n\n\n\n<p>El aumento este a\u00f1o a alcanzado el %44 con 92 denuncias en Carabineros por motivos de violencia en la familia, te dejamos el link con la entrevista en nuestras redes sociales<\/p>\n\n\n\n<p><a href=\"https:\/\/www.facebook.com\/gottomania.radioprimiciapelluhue\/videos\/1371810543339484\">https:\/\/www.facebook.com\/gottomania.radioprimiciapelluhue\/videos\/1371810543339484<\/a><\/p>\n\n\n\n<p><\/p>\n\n\n\n<figure class=\"wp-block-image size-large\"><a href=\"http:\/\/radioprimiciapelluhue.cl\/wp-content\/uploads\/2022\/07\/BIENES-NACIONALES-LOGO-1.jpg\"><img loading=\"lazy\" decoding=\"async\" width=\"1024\" height=\"576\" src=\"http:\/\/radioprimiciapelluhue.cl\/wp-content\/uploads\/2022\/07\/BIENES-NACIONALES-LOGO-1-1024x576.jpg\" alt=\"\" class=\"wp-image-4458\" srcset=\"https:\/\/radioprimiciapelluhue.cl\/wp-content\/uploads\/2022\/07\/BIENES-NACIONALES-LOGO-1-1024x576.jpg 1024w, https:\/\/radioprimiciapelluhue.cl\/wp-content\/uploads\/2022\/07\/BIENES-NACIONALES-LOGO-1-300x169.jpg 300w, https:\/\/radioprimiciapelluhue.cl\/wp-content\/uploads\/2022\/07\/BIENES-NACIONALES-LOGO-1-768x432.jpg 768w, https:\/\/radioprimiciapelluhue.cl\/wp-content\/uploads\/2022\/07\/BIENES-NACIONALES-LOGO-1-727x409.jpg 727w, https:\/\/radioprimiciapelluhue.cl\/wp-content\/uploads\/2022\/07\/BIENES-NACIONALES-LOGO-1-1110x624.jpg 1110w, https:\/\/radioprimiciapelluhue.cl\/wp-content\/uploads\/2022\/07\/BIENES-NACIONALES-LOGO-1-720x406.jpg 720w, https:\/\/radioprimiciapelluhue.cl\/wp-content\/uploads\/2022\/07\/BIENES-NACIONALES-LOGO-1-750x422.jpg 750w, https:\/\/radioprimiciapelluhue.cl\/wp-content\/uploads\/2022\/07\/BIENES-NACIONALES-LOGO-1.jpg 1366w\" sizes=\"auto, (max-width: 1024px) 100vw, 1024px\" \/><\/a><\/figure>\n","protected":false},"excerpt":{"rendered":"<p>En esta oportunidad nos acompa\u00f1a la se\u00f1orita Sargento Segundo Paula Amigo Encargada oficina de Violencia Intrafamiliar de la Segunda Comisar\u00eda de Chanco El aumento este a\u00f1o a alcanzado el %44 con 92 denuncias en Carabineros por motivos de violencia en la familia, te dejamos el link con la entrevista en nuestras redes sociales https:\/\/www.facebook.com\/gottomania.radioprimiciapelluhue\/videos\/1371810543339484<\/p>\n","protected":false},"author":2,"featured_media":4458,"comment_status":"closed","ping_status":"closed","sticky":false,"template":"","format":"standard","meta":{"footnotes":""},"categories":[55],"tags":[],"class_list":["post-4457","post","type-post","status-publish","format-standard","has-post-thumbnail","hentry","category-entrevistas"],"_links":{"self":[{"href":"https:\/\/radioprimiciapelluhue.cl\/index.php?rest_route=\/wp\/v2\/posts\/4457","targetHints":{"allow":["GET"]}}],"collection":[{"href":"https:\/\/radioprimiciapelluhue.cl\/index.php?rest_route=\/wp\/v2\/posts"}],"about":[{"href":"https:\/\/radioprimiciapelluhue.cl\/index.php?rest_route=\/wp\/v2\/types\/post"}],"author":[{"embeddable":true,"href":"https:\/\/radioprimiciapelluhue.cl\/index.php?rest_route=\/wp\/v2\/users\/2"}],"replies":[{"embeddable":true,"href":"https:\/\/radioprimiciapelluhue.cl\/index.php?rest_route=%2Fwp%2Fv2%2Fcomments&post=4457"}],"version-history":[{"count":1,"href":"https:\/\/radioprimiciapelluhue.cl\/index.php?rest_route=\/wp\/v2\/posts\/4457\/revisions"}],"predecessor-version":[{"id":4459,"href":"https:\/\/radioprimiciapelluhue.cl\/index.php?rest_route=\/wp\/v2\/posts\/4457\/revisions\/4459"}],"wp:featuredmedia":[{"embeddable":true,"href":"https:\/\/radioprimiciapelluhue.cl\/index.php?rest_route=\/wp\/v2\/media\/4458"}],"wp:attachment":[{"href":"https:\/\/radioprimiciapelluhue.cl\/index.php?rest_route=%2Fwp%2Fv2%2Fmedia&parent=4457"}],"wp:term":[{"taxonomy":"category","embeddable":true,"href":"https:\/\/radioprimiciapelluhue.cl\/index.php?rest_route=%2Fwp%2Fv2%2Fcategories&post=4457"},{"taxonomy":"post_tag","embeddable":true,"href":"https:\/\/radioprimiciapelluhue.cl\/index.php?rest_route=%2Fwp%2Fv2%2Ftags&post=4457"}],"curies":[{"name":"wp","href":"https:\/\/api.w.org\/{rel}","templated":true}]}}