{"id":4476,"date":"2022-07-25T15:28:33","date_gmt":"2022-07-25T19:28:33","guid":{"rendered":"http:\/\/radioprimiciapelluhue.cl\/?p=4476"},"modified":"2022-07-25T15:28:34","modified_gmt":"2022-07-25T19:28:34","slug":"vecinos-sin-agua-en-chovellen-pelluhue","status":"publish","type":"post","link":"https:\/\/radioprimiciapelluhue.cl\/?p=4476","title":{"rendered":"VECINOS SIN AGUA EN CHOVELLEN PELLUHUE"},"content":{"rendered":"\n<p>Vecinos de Portezuelo de Chovell\u00e9n preocupados ya que est\u00e1n sin agua m\u00e1s de 24 horas y nos env\u00edan este mensaje<\/p>\n\n\n\n<p>Buenos d\u00edas don Diego&#8230;. bueno le mando este mensaje si es que usted lo puede publicar en sus redes sociales que desde ayer a las seis de la ma\u00f1ana estamos sin una sola gota de agua en el sector cardonal alto, el portezuelo y el apr chovellen no nos da ninguna soluci\u00f3n tenemos ni\u00f1os y la falta de agua es indispensable en estos casos, no sabemos a qu\u00e9 se debe el corte tampoco nos dan soluci\u00f3n, llamamos al n\u00famero +569 7382 6128 y no contestan&#8230; ojal\u00e1 nos ayude a difundir para que nos den alguna soluci\u00f3n. De antemano muchas gracias<\/p>\n\n\n\n<p>Durante la jornada del d\u00eda solucionaron el problema                                        <\/p>\n\n\n\n<figure class=\"wp-block-image size-large\"><a href=\"http:\/\/radioprimiciapelluhue.cl\/wp-content\/uploads\/2022\/07\/WhatsApp-Image-2022-07-25-at-12.32.02-PM.jpeg\"><img loading=\"lazy\" decoding=\"async\" width=\"1024\" height=\"575\" src=\"http:\/\/radioprimiciapelluhue.cl\/wp-content\/uploads\/2022\/07\/WhatsApp-Image-2022-07-25-at-12.32.02-PM-1024x575.jpeg\" alt=\"\" class=\"wp-image-4477\" srcset=\"https:\/\/radioprimiciapelluhue.cl\/wp-content\/uploads\/2022\/07\/WhatsApp-Image-2022-07-25-at-12.32.02-PM-1024x575.jpeg 1024w, https:\/\/radioprimiciapelluhue.cl\/wp-content\/uploads\/2022\/07\/WhatsApp-Image-2022-07-25-at-12.32.02-PM-300x169.jpeg 300w, https:\/\/radioprimiciapelluhue.cl\/wp-content\/uploads\/2022\/07\/WhatsApp-Image-2022-07-25-at-12.32.02-PM-768x431.jpeg 768w, https:\/\/radioprimiciapelluhue.cl\/wp-content\/uploads\/2022\/07\/WhatsApp-Image-2022-07-25-at-12.32.02-PM-727x409.jpeg 727w, https:\/\/radioprimiciapelluhue.cl\/wp-content\/uploads\/2022\/07\/WhatsApp-Image-2022-07-25-at-12.32.02-PM-1110x624.jpeg 1110w, https:\/\/radioprimiciapelluhue.cl\/wp-content\/uploads\/2022\/07\/WhatsApp-Image-2022-07-25-at-12.32.02-PM-750x422.jpeg 750w, https:\/\/radioprimiciapelluhue.cl\/wp-content\/uploads\/2022\/07\/WhatsApp-Image-2022-07-25-at-12.32.02-PM.jpeg 1280w\" sizes=\"auto, (max-width: 1024px) 100vw, 1024px\" \/><\/a><\/figure>\n","protected":false},"excerpt":{"rendered":"<p>Vecinos de Portezuelo de Chovell\u00e9n preocupados ya que est\u00e1n sin agua m\u00e1s de 24 horas y nos env\u00edan este mensaje Buenos d\u00edas don Diego&#8230;. bueno le mando este mensaje si es que usted lo puede publicar en sus redes sociales que desde ayer a las seis de la ma\u00f1ana estamos sin una sola gota de [&hellip;]<\/p>\n","protected":false},"author":2,"featured_media":4477,"comment_status":"closed","ping_status":"closed","sticky":false,"template":"","format":"standard","meta":{"footnotes":""},"categories":[2],"tags":[],"class_list":["post-4476","post","type-post","status-publish","format-standard","has-post-thumbnail","hentry","category-noticias"],"_links":{"self":[{"href":"https:\/\/radioprimiciapelluhue.cl\/index.php?rest_route=\/wp\/v2\/posts\/4476","targetHints":{"allow":["GET"]}}],"collection":[{"href":"https:\/\/radioprimiciapelluhue.cl\/index.php?rest_route=\/wp\/v2\/posts"}],"about":[{"href":"https:\/\/radioprimiciapelluhue.cl\/index.php?rest_route=\/wp\/v2\/types\/post"}],"author":[{"embeddable":true,"href":"https:\/\/radioprimiciapelluhue.cl\/index.php?rest_route=\/wp\/v2\/users\/2"}],"replies":[{"embeddable":true,"href":"https:\/\/radioprimiciapelluhue.cl\/index.php?rest_route=%2Fwp%2Fv2%2Fcomments&post=4476"}],"version-history":[{"count":1,"href":"https:\/\/radioprimiciapelluhue.cl\/index.php?rest_route=\/wp\/v2\/posts\/4476\/revisions"}],"predecessor-version":[{"id":4478,"href":"https:\/\/radioprimiciapelluhue.cl\/index.php?rest_route=\/wp\/v2\/posts\/4476\/revisions\/4478"}],"wp:featuredmedia":[{"embeddable":true,"href":"https:\/\/radioprimiciapelluhue.cl\/index.php?rest_route=\/wp\/v2\/media\/4477"}],"wp:attachment":[{"href":"https:\/\/radioprimiciapelluhue.cl\/index.php?rest_route=%2Fwp%2Fv2%2Fmedia&parent=4476"}],"wp:term":[{"taxonomy":"category","embeddable":true,"href":"https:\/\/radioprimiciapelluhue.cl\/index.php?rest_route=%2Fwp%2Fv2%2Fcategories&post=4476"},{"taxonomy":"post_tag","embeddable":true,"href":"https:\/\/radioprimiciapelluhue.cl\/index.php?rest_route=%2Fwp%2Fv2%2Ftags&post=4476"}],"curies":[{"name":"wp","href":"https:\/\/api.w.org\/{rel}","templated":true}]}}