{"id":4479,"date":"2022-07-27T21:20:47","date_gmt":"2022-07-28T01:20:47","guid":{"rendered":"https:\/\/radioprimiciapelluhue.cl\/?p=4479"},"modified":"2022-07-27T21:20:49","modified_gmt":"2022-07-28T01:20:49","slug":"accidente-de-transito-pasado-puente-chovellen","status":"publish","type":"post","link":"https:\/\/radioprimiciapelluhue.cl\/?p=4479","title":{"rendered":"ACCIDENTE DE TRANSITO PASADO PUENTE CHOVELLEN"},"content":{"rendered":"\n<p>Accidente de tr\u00e1nsito en el sector Puente Chovell\u00e9n comuna Pelluhue donde pierde el control el conductor del veh\u00edculo cayendo al Barranco resultando dos personas lesionadas derivadas al Hospital de Chanco<\/p>\n\n\n\n<figure class=\"wp-block-image size-large\"><a href=\"https:\/\/radioprimiciapelluhue.cl\/wp-content\/uploads\/2022\/07\/296161374_2456529734486809_8535558503437782457_n.jpg\"><img loading=\"lazy\" decoding=\"async\" width=\"1024\" height=\"1024\" src=\"https:\/\/radioprimiciapelluhue.cl\/wp-content\/uploads\/2022\/07\/296161374_2456529734486809_8535558503437782457_n-1024x1024.jpg\" alt=\"\" class=\"wp-image-4480\" srcset=\"https:\/\/radioprimiciapelluhue.cl\/wp-content\/uploads\/2022\/07\/296161374_2456529734486809_8535558503437782457_n-1024x1024.jpg 1024w, https:\/\/radioprimiciapelluhue.cl\/wp-content\/uploads\/2022\/07\/296161374_2456529734486809_8535558503437782457_n-300x300.jpg 300w, https:\/\/radioprimiciapelluhue.cl\/wp-content\/uploads\/2022\/07\/296161374_2456529734486809_8535558503437782457_n-150x150.jpg 150w, https:\/\/radioprimiciapelluhue.cl\/wp-content\/uploads\/2022\/07\/296161374_2456529734486809_8535558503437782457_n-768x768.jpg 768w, https:\/\/radioprimiciapelluhue.cl\/wp-content\/uploads\/2022\/07\/296161374_2456529734486809_8535558503437782457_n-1536x1536.jpg 1536w, https:\/\/radioprimiciapelluhue.cl\/wp-content\/uploads\/2022\/07\/296161374_2456529734486809_8535558503437782457_n.jpg 2048w, https:\/\/radioprimiciapelluhue.cl\/wp-content\/uploads\/2022\/07\/296161374_2456529734486809_8535558503437782457_n-520x520.jpg 520w, https:\/\/radioprimiciapelluhue.cl\/wp-content\/uploads\/2022\/07\/296161374_2456529734486809_8535558503437782457_n-800x800.jpg 800w, https:\/\/radioprimiciapelluhue.cl\/wp-content\/uploads\/2022\/07\/296161374_2456529734486809_8535558503437782457_n-120x120.jpg 120w\" sizes=\"auto, (max-width: 1024px) 100vw, 1024px\" \/><\/a><\/figure>\n","protected":false},"excerpt":{"rendered":"<p>Accidente de tr\u00e1nsito en el sector Puente Chovell\u00e9n comuna Pelluhue donde pierde el control el conductor del veh\u00edculo cayendo al Barranco resultando dos personas lesionadas derivadas al Hospital de Chanco<\/p>\n","protected":false},"author":2,"featured_media":4480,"comment_status":"closed","ping_status":"closed","sticky":false,"template":"","format":"standard","meta":{"footnotes":""},"categories":[2],"tags":[],"class_list":["post-4479","post","type-post","status-publish","format-standard","has-post-thumbnail","hentry","category-noticias"],"_links":{"self":[{"href":"https:\/\/radioprimiciapelluhue.cl\/index.php?rest_route=\/wp\/v2\/posts\/4479","targetHints":{"allow":["GET"]}}],"collection":[{"href":"https:\/\/radioprimiciapelluhue.cl\/index.php?rest_route=\/wp\/v2\/posts"}],"about":[{"href":"https:\/\/radioprimiciapelluhue.cl\/index.php?rest_route=\/wp\/v2\/types\/post"}],"author":[{"embeddable":true,"href":"https:\/\/radioprimiciapelluhue.cl\/index.php?rest_route=\/wp\/v2\/users\/2"}],"replies":[{"embeddable":true,"href":"https:\/\/radioprimiciapelluhue.cl\/index.php?rest_route=%2Fwp%2Fv2%2Fcomments&post=4479"}],"version-history":[{"count":1,"href":"https:\/\/radioprimiciapelluhue.cl\/index.php?rest_route=\/wp\/v2\/posts\/4479\/revisions"}],"predecessor-version":[{"id":4481,"href":"https:\/\/radioprimiciapelluhue.cl\/index.php?rest_route=\/wp\/v2\/posts\/4479\/revisions\/4481"}],"wp:featuredmedia":[{"embeddable":true,"href":"https:\/\/radioprimiciapelluhue.cl\/index.php?rest_route=\/wp\/v2\/media\/4480"}],"wp:attachment":[{"href":"https:\/\/radioprimiciapelluhue.cl\/index.php?rest_route=%2Fwp%2Fv2%2Fmedia&parent=4479"}],"wp:term":[{"taxonomy":"category","embeddable":true,"href":"https:\/\/radioprimiciapelluhue.cl\/index.php?rest_route=%2Fwp%2Fv2%2Fcategories&post=4479"},{"taxonomy":"post_tag","embeddable":true,"href":"https:\/\/radioprimiciapelluhue.cl\/index.php?rest_route=%2Fwp%2Fv2%2Ftags&post=4479"}],"curies":[{"name":"wp","href":"https:\/\/api.w.org\/{rel}","templated":true}]}}