{"id":4485,"date":"2022-07-27T21:38:26","date_gmt":"2022-07-28T01:38:26","guid":{"rendered":"https:\/\/radioprimiciapelluhue.cl\/?p=4485"},"modified":"2022-07-27T21:40:05","modified_gmt":"2022-07-28T01:40:05","slug":"joven-estudiante-es-amenazada-con-arma-blanca-en-cauquenes","status":"publish","type":"post","link":"https:\/\/radioprimiciapelluhue.cl\/?p=4485","title":{"rendered":"JOVEN ESTUDIANTE ES AMENAZADA CON ARMA BLANCA EN CAUQUENES"},"content":{"rendered":"\n<p>Durante la ma\u00f1ana de hoy mi\u00e9rcoles Joven estudiante es tomada del cuello y amenazada con un cuchillo a la altura de su est\u00f3mago dici\u00e9ndole que no hiciera nada o la matar\u00eda en Cauquenes. La c\u00e1mara de <a href=\"https:\/\/www.facebook.com\/hashtag\/bomberos?__eep__=6&amp;__cft__[0]=AZWQNt16BZSRtK8RuzXy-yvhPOKgblpe8xnirwqVjfE5GwfedZHGLsknQAHD3xt8EDevNEh9Via2RioNxPgq-BfhiqcjZOdbOAAYp46GubCVRobAOqI3KAMVWa4zkaGPlvz-ymYAl2FLinCgRkKv-yaQDGZ98FT9udFE7dJOtVUPrP2b0986s0CxTmYLWglHlBDIoh3NWgAEyYn0OEyR_Lm7&amp;__tn__=*NK-R\">#Bomberos<\/a> en calle Victoria grab\u00f3 al tipo y fuera de esta c\u00e1mara se di\u00f3 a la fuga sin da\u00f1ar a la menor dej\u00e1ndola muy asustada en Shock. Por eso es importante tener <a href=\"https:\/\/www.facebook.com\/hashtag\/c%C3%A1maras?__eep__=6&amp;__cft__[0]=AZWQNt16BZSRtK8RuzXy-yvhPOKgblpe8xnirwqVjfE5GwfedZHGLsknQAHD3xt8EDevNEh9Via2RioNxPgq-BfhiqcjZOdbOAAYp46GubCVRobAOqI3KAMVWa4zkaGPlvz-ymYAl2FLinCgRkKv-yaQDGZ98FT9udFE7dJOtVUPrP2b0986s0CxTmYLWglHlBDIoh3NWgAEyYn0OEyR_Lm7&amp;__tn__=*NK-R\">#c\u00e1maras<\/a> de seguridad enfocando tanto su casa como la calle, hasta el momento no se sabe del paradero del antisocial y la polic\u00eda est\u00e1 trabajando en ello<\/p>\n\n\n\n<p>Video compartido en redes sociales<\/p>\n\n\n\n<p><a href=\"https:\/\/www.facebook.com\/gottomania.radioprimiciapelluhue\/videos\/5340920369324107\">https:\/\/www.facebook.com\/gottomania.radioprimiciapelluhue\/videos\/5340920369324107<\/a><\/p>\n\n\n\n<p><\/p>\n\n\n\n<figure class=\"wp-block-image size-large\"><a href=\"https:\/\/radioprimiciapelluhue.cl\/wp-content\/uploads\/2022\/07\/Sin-titulo-2.jpg\"><img loading=\"lazy\" decoding=\"async\" width=\"1024\" height=\"576\" src=\"https:\/\/radioprimiciapelluhue.cl\/wp-content\/uploads\/2022\/07\/Sin-titulo-2-1024x576.jpg\" alt=\"\" class=\"wp-image-4486\" srcset=\"https:\/\/radioprimiciapelluhue.cl\/wp-content\/uploads\/2022\/07\/Sin-titulo-2-1024x576.jpg 1024w, https:\/\/radioprimiciapelluhue.cl\/wp-content\/uploads\/2022\/07\/Sin-titulo-2-300x169.jpg 300w, https:\/\/radioprimiciapelluhue.cl\/wp-content\/uploads\/2022\/07\/Sin-titulo-2-768x432.jpg 768w, https:\/\/radioprimiciapelluhue.cl\/wp-content\/uploads\/2022\/07\/Sin-titulo-2-727x409.jpg 727w, https:\/\/radioprimiciapelluhue.cl\/wp-content\/uploads\/2022\/07\/Sin-titulo-2-1110x624.jpg 1110w, https:\/\/radioprimiciapelluhue.cl\/wp-content\/uploads\/2022\/07\/Sin-titulo-2-720x406.jpg 720w, https:\/\/radioprimiciapelluhue.cl\/wp-content\/uploads\/2022\/07\/Sin-titulo-2-750x422.jpg 750w, https:\/\/radioprimiciapelluhue.cl\/wp-content\/uploads\/2022\/07\/Sin-titulo-2.jpg 1366w\" sizes=\"auto, (max-width: 1024px) 100vw, 1024px\" \/><\/a><\/figure>\n","protected":false},"excerpt":{"rendered":"<p>Durante la ma\u00f1ana de hoy mi\u00e9rcoles Joven estudiante es tomada del cuello y amenazada con un cuchillo a la altura de su est\u00f3mago dici\u00e9ndole que no hiciera nada o la matar\u00eda en Cauquenes. La c\u00e1mara de #Bomberos en calle Victoria grab\u00f3 al tipo y fuera de esta c\u00e1mara se di\u00f3 a la fuga sin da\u00f1ar [&hellip;]<\/p>\n","protected":false},"author":2,"featured_media":4486,"comment_status":"closed","ping_status":"closed","sticky":false,"template":"","format":"standard","meta":{"footnotes":""},"categories":[2],"tags":[],"class_list":["post-4485","post","type-post","status-publish","format-standard","has-post-thumbnail","hentry","category-noticias"],"_links":{"self":[{"href":"https:\/\/radioprimiciapelluhue.cl\/index.php?rest_route=\/wp\/v2\/posts\/4485","targetHints":{"allow":["GET"]}}],"collection":[{"href":"https:\/\/radioprimiciapelluhue.cl\/index.php?rest_route=\/wp\/v2\/posts"}],"about":[{"href":"https:\/\/radioprimiciapelluhue.cl\/index.php?rest_route=\/wp\/v2\/types\/post"}],"author":[{"embeddable":true,"href":"https:\/\/radioprimiciapelluhue.cl\/index.php?rest_route=\/wp\/v2\/users\/2"}],"replies":[{"embeddable":true,"href":"https:\/\/radioprimiciapelluhue.cl\/index.php?rest_route=%2Fwp%2Fv2%2Fcomments&post=4485"}],"version-history":[{"count":2,"href":"https:\/\/radioprimiciapelluhue.cl\/index.php?rest_route=\/wp\/v2\/posts\/4485\/revisions"}],"predecessor-version":[{"id":4488,"href":"https:\/\/radioprimiciapelluhue.cl\/index.php?rest_route=\/wp\/v2\/posts\/4485\/revisions\/4488"}],"wp:featuredmedia":[{"embeddable":true,"href":"https:\/\/radioprimiciapelluhue.cl\/index.php?rest_route=\/wp\/v2\/media\/4486"}],"wp:attachment":[{"href":"https:\/\/radioprimiciapelluhue.cl\/index.php?rest_route=%2Fwp%2Fv2%2Fmedia&parent=4485"}],"wp:term":[{"taxonomy":"category","embeddable":true,"href":"https:\/\/radioprimiciapelluhue.cl\/index.php?rest_route=%2Fwp%2Fv2%2Fcategories&post=4485"},{"taxonomy":"post_tag","embeddable":true,"href":"https:\/\/radioprimiciapelluhue.cl\/index.php?rest_route=%2Fwp%2Fv2%2Ftags&post=4485"}],"curies":[{"name":"wp","href":"https:\/\/api.w.org\/{rel}","templated":true}]}}