{"id":4492,"date":"2022-07-28T13:27:48","date_gmt":"2022-07-28T17:27:48","guid":{"rendered":"https:\/\/radioprimiciapelluhue.cl\/?p=4492"},"modified":"2022-07-28T13:27:49","modified_gmt":"2022-07-28T17:27:49","slug":"vecinos-de-molco-cortan-camino","status":"publish","type":"post","link":"https:\/\/radioprimiciapelluhue.cl\/?p=4492","title":{"rendered":"VECINOS DE MOLCO CORTAN CAMINO"},"content":{"rendered":"\n<p>Vecinos de camino a Molco Cauquenes Chanco no dan m\u00e1s y la molestia por el mal estado del camino con una carpeta de asfalto tan delgada que solo tiene 1 a\u00f1o m\u00e1s menos en p\u00e9simo estado. L dirigente Vecinal del sector se\u00f1ora Gloria Cort\u00e9s y vecinos de distintos lugares bloquearon el camino para todo veh\u00edculo en especial la queja de los camioneros que diariamente circulan alrededor de 50 diarios empeorando la ruta para ellos por eso \u00a0que llegaron las autoridades Provinciales los cuales se comprometen en darle una soluci\u00f3n definitiva al camino<\/p>\n\n\n\n<p><\/p>\n\n\n\n<p>Fuente <a href=\"https:\/\/www.facebook.com\/hashtag\/telecauquenes?__eep__=6&amp;__cft__%5b0%5d=AZWWAd3STNG1gQ9gC79HHhJcm7ScOMgFt1aTzdP5rReHIK0VgcQxDeAROj_GDzwuI1gdQf7kjC-0tsYoRgJ_zlzsAgSMi7iATSUDbC1u3nfhMM32f42rNkd2UXi8M97ScNul0B4EzRo-bSBJfZpGuaHlQ1bYmGJpGuyXyk7L-_ryY20fRV_a5D-GeFVmMKMZQ5ld1Zmscf5QijD9r8UAndBK&amp;__tn__=*NK-R\">#TeleCauquenes<\/a><\/p>\n\n\n\n<p><a href=\"https:\/\/fb.watch\/eye1gz9N_I\/\">https:\/\/fb.watch\/eye1gz9N_I\/<\/a><\/p>\n\n\n\n<figure class=\"wp-block-image size-full\"><a href=\"https:\/\/radioprimiciapelluhue.cl\/wp-content\/uploads\/2022\/07\/295493943_2457220767751039_3914742223980606140_n.jpg\"><img loading=\"lazy\" decoding=\"async\" width=\"960\" height=\"444\" src=\"https:\/\/radioprimiciapelluhue.cl\/wp-content\/uploads\/2022\/07\/295493943_2457220767751039_3914742223980606140_n.jpg\" alt=\"\" class=\"wp-image-4494\" srcset=\"https:\/\/radioprimiciapelluhue.cl\/wp-content\/uploads\/2022\/07\/295493943_2457220767751039_3914742223980606140_n.jpg 960w, https:\/\/radioprimiciapelluhue.cl\/wp-content\/uploads\/2022\/07\/295493943_2457220767751039_3914742223980606140_n-300x139.jpg 300w, https:\/\/radioprimiciapelluhue.cl\/wp-content\/uploads\/2022\/07\/295493943_2457220767751039_3914742223980606140_n-768x355.jpg 768w\" sizes=\"auto, (max-width: 960px) 100vw, 960px\" \/><\/a><\/figure>\n","protected":false},"excerpt":{"rendered":"<p>Vecinos de camino a Molco Cauquenes Chanco no dan m\u00e1s y la molestia por el mal estado del camino con una carpeta de asfalto tan delgada que solo tiene 1 a\u00f1o m\u00e1s menos en p\u00e9simo estado. L dirigente Vecinal del sector se\u00f1ora Gloria Cort\u00e9s y vecinos de distintos lugares bloquearon el camino para todo veh\u00edculo [&hellip;]<\/p>\n","protected":false},"author":2,"featured_media":4493,"comment_status":"closed","ping_status":"closed","sticky":false,"template":"","format":"standard","meta":{"footnotes":""},"categories":[2],"tags":[],"class_list":["post-4492","post","type-post","status-publish","format-standard","has-post-thumbnail","hentry","category-noticias"],"_links":{"self":[{"href":"https:\/\/radioprimiciapelluhue.cl\/index.php?rest_route=\/wp\/v2\/posts\/4492","targetHints":{"allow":["GET"]}}],"collection":[{"href":"https:\/\/radioprimiciapelluhue.cl\/index.php?rest_route=\/wp\/v2\/posts"}],"about":[{"href":"https:\/\/radioprimiciapelluhue.cl\/index.php?rest_route=\/wp\/v2\/types\/post"}],"author":[{"embeddable":true,"href":"https:\/\/radioprimiciapelluhue.cl\/index.php?rest_route=\/wp\/v2\/users\/2"}],"replies":[{"embeddable":true,"href":"https:\/\/radioprimiciapelluhue.cl\/index.php?rest_route=%2Fwp%2Fv2%2Fcomments&post=4492"}],"version-history":[{"count":1,"href":"https:\/\/radioprimiciapelluhue.cl\/index.php?rest_route=\/wp\/v2\/posts\/4492\/revisions"}],"predecessor-version":[{"id":4495,"href":"https:\/\/radioprimiciapelluhue.cl\/index.php?rest_route=\/wp\/v2\/posts\/4492\/revisions\/4495"}],"wp:featuredmedia":[{"embeddable":true,"href":"https:\/\/radioprimiciapelluhue.cl\/index.php?rest_route=\/wp\/v2\/media\/4493"}],"wp:attachment":[{"href":"https:\/\/radioprimiciapelluhue.cl\/index.php?rest_route=%2Fwp%2Fv2%2Fmedia&parent=4492"}],"wp:term":[{"taxonomy":"category","embeddable":true,"href":"https:\/\/radioprimiciapelluhue.cl\/index.php?rest_route=%2Fwp%2Fv2%2Fcategories&post=4492"},{"taxonomy":"post_tag","embeddable":true,"href":"https:\/\/radioprimiciapelluhue.cl\/index.php?rest_route=%2Fwp%2Fv2%2Ftags&post=4492"}],"curies":[{"name":"wp","href":"https:\/\/api.w.org\/{rel}","templated":true}]}}