{"id":4528,"date":"2022-08-03T21:16:41","date_gmt":"2022-08-04T01:16:41","guid":{"rendered":"https:\/\/radioprimiciapelluhue.cl\/?p=4528"},"modified":"2022-08-03T21:16:41","modified_gmt":"2022-08-04T01:16:41","slug":"cauquenes-contara-con-un-centro-de-la-mujer-financiado-por-el-gobierno-regional-del-maule","status":"publish","type":"post","link":"https:\/\/radioprimiciapelluhue.cl\/?p=4528","title":{"rendered":"Cauquenes contar\u00e1 con un centro de la mujer financiado por el Gobierno Regional del Maule"},"content":{"rendered":"\n<ul class=\"wp-block-list\"><li><em>La Gobernadora Regional Cristina Bravo, entreg\u00f3 el documento de la recomendaci\u00f3n favorable a la Alcaldesa Nery Rodr\u00edguez, de este proyecto que significa una inversi\u00f3n de m\u00e1s de 108 millones de pesos.<\/em><\/li><\/ul>\n\n\n\n<p>La Gobernadora Regional del Maule Cristina Bravo, le hizo entrega a la Alcaldesa de Cauquenes Nery Rodr\u00edguez, la resoluci\u00f3n de financiamiento del Centro de la Mujer de la comuna,&nbsp; una de las prioridades de la m\u00e1xima autoridad regional, por lo que en la convocatoria para los Fondos Regionales de Inversi\u00f3n Local (FRIL), se sugiri\u00f3 a los municipios poder postular a estos anhelados proyectos.<\/p>\n\n\n\n<p>La idea es que las mujeres cauqueninas que han sido v\u00edctimas de violencia, tengan un espacio en donde sean atendidas de la mejor manera, y donde puedan estar sus hijos mientras reciba atenci\u00f3n personalizada.<\/p>\n\n\n\n<p>\u201cEstamos muy contentas de estar ac\u00e1 en Cauquenes, entregando esta buena noticia para los vecinos y vecinas de la comuna, ya que este es un compromiso que hicimos en campa\u00f1a con la alcaldesa Nery Rodr\u00edguez, dijimos que nos \u00edbamos a hacer cargo de los problemas que tienen las mujeres de la provincia de Cauquenes, porque siempre lo hemos dicho, para nosotros no existen comunas de primera o segunda clase, por eso estamos entregando la resoluci\u00f3n que permite financiar la construcci\u00f3n de la Casa de la Mujer, lo que significar\u00e1 una inversi\u00f3n mayor a los 108 millones de pesos por parte del Gobierno Regional\u201d, indic\u00f3 Cristina Bravo, Gobernadora Regional del Maule.<\/p>\n\n\n\n<p>La m\u00e1xima autoridad comunal agreg\u00f3, \u201cel proyecto busca entregar protecci\u00f3n y prevenci\u00f3n a las mujeres, porque nuestro objetivo es que las maulinas logren la independencia econ\u00f3mica tan necesaria para poder terminar con las historias de malos tratos, de violencia de g\u00e9nero, porque no podemos permitir que nunca m\u00e1s una mujer sea asesinada a manos de su pareja o ex pareja\u201d.<\/p>\n\n\n\n<p>El nuevo centro que se proyecta para la comuna de Cauquenes, contempla la edificaci\u00f3n de una superficie de 126 m\u00b2, en piso de alba\u00f1iler\u00eda confinada, adem\u00e1s considera la construcci\u00f3n de un sal\u00f3n multiuso para la comunidad en conjunto con servicios higi\u00e9nicos, recintos: cocina \u2013 oficinas \u2013 sala de juegos de ni\u00f1os, adem\u00e1s de obras complementarias exteriores como cierre perimetral, radieres exteriores y rampa de acceso.<\/p>\n\n\n\n<p>\u201cEs una maravillosa noticia, porque pensamos en el centro de la mujer, que sea en lugar digno, la idea es que las podamos recibir en un espacio donde recibir a nuestras mujeres que han sido maltratados, mujeres que han sido violentadas\u201d, indic\u00f3 Nery Rodr\u00edguez, Alcaldesa de Cauquenes.<\/p>\n\n\n\n<p>La Seremi de Gobierno del Maule Daniela Oberreuter agreg\u00f3, \u201cnuestro Gobierno es un gobierno feminista, es un eje transversal de lo que nosotros esperamos ocurra como pol\u00edticas p\u00fablicas en todos los niveles, por eso estamos aqu\u00ed acompa\u00f1ando a la Gobernadora y la Alcaldesa, esta es una tremenda iniciativa, se nota tambi\u00e9n cuando las mujeres est\u00e1n en el poder. Esperamos tambi\u00e9n como Gobierno prontamente poder apoyar estas iniciativas con financiamiento, con gesti\u00f3n y tambi\u00e9n para la habitaci\u00f3n de una casa de acogida que est\u00e9 disponible para las mujeres de la provincia de Cauquenes\u201d.<\/p>\n\n\n\n<figure class=\"wp-block-image size-large\"><a href=\"https:\/\/radioprimiciapelluhue.cl\/wp-content\/uploads\/2022\/08\/WhatsApp-Image-2022-08-02-at-2.53.40-PM.jpeg\"><img loading=\"lazy\" decoding=\"async\" width=\"1024\" height=\"682\" src=\"https:\/\/radioprimiciapelluhue.cl\/wp-content\/uploads\/2022\/08\/WhatsApp-Image-2022-08-02-at-2.53.40-PM-1024x682.jpeg\" alt=\"\" class=\"wp-image-4529\" srcset=\"https:\/\/radioprimiciapelluhue.cl\/wp-content\/uploads\/2022\/08\/WhatsApp-Image-2022-08-02-at-2.53.40-PM-1024x682.jpeg 1024w, https:\/\/radioprimiciapelluhue.cl\/wp-content\/uploads\/2022\/08\/WhatsApp-Image-2022-08-02-at-2.53.40-PM-300x200.jpeg 300w, https:\/\/radioprimiciapelluhue.cl\/wp-content\/uploads\/2022\/08\/WhatsApp-Image-2022-08-02-at-2.53.40-PM-768x511.jpeg 768w, https:\/\/radioprimiciapelluhue.cl\/wp-content\/uploads\/2022\/08\/WhatsApp-Image-2022-08-02-at-2.53.40-PM.jpeg 1280w\" sizes=\"auto, (max-width: 1024px) 100vw, 1024px\" \/><\/a><\/figure>\n\n\n\n<figure class=\"wp-block-image size-large\"><a href=\"https:\/\/radioprimiciapelluhue.cl\/wp-content\/uploads\/2022\/08\/WhatsApp-Image-2022-08-02-at-2.53.41-PM-1.jpeg\"><img loading=\"lazy\" decoding=\"async\" width=\"1024\" height=\"682\" src=\"https:\/\/radioprimiciapelluhue.cl\/wp-content\/uploads\/2022\/08\/WhatsApp-Image-2022-08-02-at-2.53.41-PM-1-1024x682.jpeg\" alt=\"\" class=\"wp-image-4530\" srcset=\"https:\/\/radioprimiciapelluhue.cl\/wp-content\/uploads\/2022\/08\/WhatsApp-Image-2022-08-02-at-2.53.41-PM-1-1024x682.jpeg 1024w, https:\/\/radioprimiciapelluhue.cl\/wp-content\/uploads\/2022\/08\/WhatsApp-Image-2022-08-02-at-2.53.41-PM-1-300x200.jpeg 300w, https:\/\/radioprimiciapelluhue.cl\/wp-content\/uploads\/2022\/08\/WhatsApp-Image-2022-08-02-at-2.53.41-PM-1-768x511.jpeg 768w, https:\/\/radioprimiciapelluhue.cl\/wp-content\/uploads\/2022\/08\/WhatsApp-Image-2022-08-02-at-2.53.41-PM-1.jpeg 1280w\" sizes=\"auto, (max-width: 1024px) 100vw, 1024px\" \/><\/a><\/figure>\n","protected":false},"excerpt":{"rendered":"<p>La Gobernadora Regional Cristina Bravo, entreg\u00f3 el documento de la recomendaci\u00f3n favorable a la Alcaldesa Nery Rodr\u00edguez, de este proyecto que significa una inversi\u00f3n de m\u00e1s de 108 millones de pesos. La Gobernadora Regional del Maule Cristina Bravo, le hizo entrega a la Alcaldesa de Cauquenes Nery Rodr\u00edguez, la resoluci\u00f3n de financiamiento del Centro de [&hellip;]<\/p>\n","protected":false},"author":2,"featured_media":4531,"comment_status":"closed","ping_status":"closed","sticky":false,"template":"","format":"standard","meta":{"footnotes":""},"categories":[2],"tags":[],"class_list":["post-4528","post","type-post","status-publish","format-standard","has-post-thumbnail","hentry","category-noticias"],"_links":{"self":[{"href":"https:\/\/radioprimiciapelluhue.cl\/index.php?rest_route=\/wp\/v2\/posts\/4528","targetHints":{"allow":["GET"]}}],"collection":[{"href":"https:\/\/radioprimiciapelluhue.cl\/index.php?rest_route=\/wp\/v2\/posts"}],"about":[{"href":"https:\/\/radioprimiciapelluhue.cl\/index.php?rest_route=\/wp\/v2\/types\/post"}],"author":[{"embeddable":true,"href":"https:\/\/radioprimiciapelluhue.cl\/index.php?rest_route=\/wp\/v2\/users\/2"}],"replies":[{"embeddable":true,"href":"https:\/\/radioprimiciapelluhue.cl\/index.php?rest_route=%2Fwp%2Fv2%2Fcomments&post=4528"}],"version-history":[{"count":1,"href":"https:\/\/radioprimiciapelluhue.cl\/index.php?rest_route=\/wp\/v2\/posts\/4528\/revisions"}],"predecessor-version":[{"id":4532,"href":"https:\/\/radioprimiciapelluhue.cl\/index.php?rest_route=\/wp\/v2\/posts\/4528\/revisions\/4532"}],"wp:featuredmedia":[{"embeddable":true,"href":"https:\/\/radioprimiciapelluhue.cl\/index.php?rest_route=\/wp\/v2\/media\/4531"}],"wp:attachment":[{"href":"https:\/\/radioprimiciapelluhue.cl\/index.php?rest_route=%2Fwp%2Fv2%2Fmedia&parent=4528"}],"wp:term":[{"taxonomy":"category","embeddable":true,"href":"https:\/\/radioprimiciapelluhue.cl\/index.php?rest_route=%2Fwp%2Fv2%2Fcategories&post=4528"},{"taxonomy":"post_tag","embeddable":true,"href":"https:\/\/radioprimiciapelluhue.cl\/index.php?rest_route=%2Fwp%2Fv2%2Ftags&post=4528"}],"curies":[{"name":"wp","href":"https:\/\/api.w.org\/{rel}","templated":true}]}}