{"id":4533,"date":"2022-08-03T21:25:27","date_gmt":"2022-08-04T01:25:27","guid":{"rendered":"https:\/\/radioprimiciapelluhue.cl\/?p=4533"},"modified":"2022-08-03T21:25:28","modified_gmt":"2022-08-04T01:25:28","slug":"diputado-benjamin-moreno-junto-a-sus-pares-de-la-region-del-maule-solicitan-renuncia-de-seremi-de-desarrollo-social-por-grave-denuncia-de-albergue-fantasma-en-molina","status":"publish","type":"post","link":"https:\/\/radioprimiciapelluhue.cl\/?p=4533","title":{"rendered":"Diputado Benjam\u00edn Moreno junto a sus pares de la Regi\u00f3n del Maule solicitan renuncia de seremi de Desarrollo Social por grave denuncia de albergue \u201cfantasma\u201d en Molina"},"content":{"rendered":"\n<p><strong>Diputado Benjam\u00edn Moreno junto a sus pares de la Regi\u00f3n del Maule solicitan renuncia de seremi de Desarrollo Social por grave denuncia de albergue \u00abfantasma\u00bb en Molina<\/strong><\/p>\n\n\n\n<ul class=\"wp-block-list\"><li>En forma transversal los parlamentarios representantes del distrito 17, denunciaron que el Ministerio abri\u00f3 un albergue sin condiciones m\u00ednimas de habitabilidad para personas en condici\u00f3n de calle.<\/li><\/ul>\n\n\n\n<p>En medio del invierno m\u00e1s crudo del \u00faltimo tiempo, este mi\u00e9rcoles diputados de la regi\u00f3n del Maule denunciaron un grave hecho ocurrido en la ciudad de Molina, ya que el ministerio de Desarrollo Social abri\u00f3 un albergue sin ba\u00f1os, en plenas reparaciones de construcci\u00f3n, y en definitiva sin las condiciones m\u00ednimas de habitabilidad y de dignidad para personas que se encuentran en situaci\u00f3n de calle.<\/p>\n\n\n\n<p><strong>Benjam\u00edn Moreno, diputado de Republicanos<\/strong>, manifest\u00f3 que, \u00abLa situaci\u00f3n de los albergues, con respecto al citado seremi Y\u00e1\u00f1ez, regal\u00f3n del presidente Boric, en la Regi\u00f3n del Maule ya no da para m\u00e1s. \u00bfEn qu\u00e9 queda la preocupaci\u00f3n por los m\u00e1s despose\u00eddos de nuestra regi\u00f3n y de nuestro pa\u00eds? Cuando tenemos al 3 de agosto, un seremi que de doce albergues reci\u00e9n ha cumplido con seis. \u00bfEstar\u00e1 esperando que llegue el verano para echar a andar los otros seis albergues? \u00bfSabr\u00e1 acaso el seremi que para proteger del fr\u00edo a muchas personas en situaci\u00f3n de calle tiene que tener los albergues habilitados y que esos mismos ya no sirven en el verano?<\/p>\n\n\n\n<p>Es impresentable, adem\u00e1s, que inauguren en la ciudad de Molina un albergue a medio construir, a medio hacer, con maestros trabajando en su interior. Sin ba\u00f1os, sin condiciones m\u00ednimas de habitabilidad. \u00bfEsa es la preocupaci\u00f3n de este Gobierno?, finaliz\u00f3 el legislador.<\/p>\n\n\n\n<p>Por su parte,<strong>&nbsp;Jorge Guzm\u00e1n,<\/strong>&nbsp;<strong>diputado de Ev\u00f3poli,&nbsp;<\/strong>se\u00f1al\u00f3 que: \u00abel seremi en vez de estar ocup\u00e1ndose de las labores que le encarga su labor ministerial, est\u00e1 preocupado de hacer campa\u00f1a difundiendo el plebiscito, pero difundi\u00e9ndolo para una de las alternativas del 4 de septiembre. Esto es grav\u00edsimo y le decimos a la ministra de Desarrollo Social que le pida la renuncia al seremi de la regi\u00f3n del Maule\u00bb.<\/p>\n\n\n\n<p><strong>En tanto, Felipe Donoso, diputado de la UDI<\/strong>, se\u00f1al\u00f3 \u00abEn conjunto con los cinco diputados del Distrito 17, queremos pedirle a la ministra de Desarrollo Social que le pida la renuncia al Seremi, a un seremi que no s\u00f3lo falta a la verdad, sino que es incapaz de realizar su trabajo como corresponde para las personas en situaci\u00f3n de calle, y no dedicarse a hacer campa\u00f1a recorriendo las distintas comunas\u00bb, puntualiz\u00f3 Donoso.<\/p>\n\n\n\n<p>A su vez,<strong>&nbsp;Hugo Rey, diputado de Renovaci\u00f3n Nacional,<\/strong>&nbsp;junto con agradecer a la consejera regional Johana Paredes la denuncia, destac\u00f3 que \u00abesto nos demostr\u00f3 a todos que lo que est\u00e1 pasando en la regi\u00f3n del Maule respecto de quienes hoy m\u00e1s necesitan nuestro apoyo y, lamentablemente no est\u00e1n a la altura\u00bb.<\/p>\n\n\n\n<p>El seremi Manuel Y\u00e1\u00f1ez, desminti\u00f3 las malas condiciones en que se encontraba este albergue, sin embargo, la consejera regional Johanna Paredes, a trav\u00e9s de un video confirm\u00f3 la situaci\u00f3n precaria del establecimiento.\u00a0<\/p>\n\n\n\n<figure class=\"wp-block-image size-large\"><a href=\"https:\/\/radioprimiciapelluhue.cl\/wp-content\/uploads\/2022\/08\/diputados.jpg\"><img loading=\"lazy\" decoding=\"async\" width=\"1024\" height=\"581\" src=\"https:\/\/radioprimiciapelluhue.cl\/wp-content\/uploads\/2022\/08\/diputados-1024x581.jpg\" alt=\"\" class=\"wp-image-4534\" srcset=\"https:\/\/radioprimiciapelluhue.cl\/wp-content\/uploads\/2022\/08\/diputados-1024x581.jpg 1024w, https:\/\/radioprimiciapelluhue.cl\/wp-content\/uploads\/2022\/08\/diputados-300x170.jpg 300w, https:\/\/radioprimiciapelluhue.cl\/wp-content\/uploads\/2022\/08\/diputados-768x436.jpg 768w, https:\/\/radioprimiciapelluhue.cl\/wp-content\/uploads\/2022\/08\/diputados.jpg 1459w\" sizes=\"auto, (max-width: 1024px) 100vw, 1024px\" \/><\/a><\/figure>\n","protected":false},"excerpt":{"rendered":"<p>Diputado Benjam\u00edn Moreno junto a sus pares de la Regi\u00f3n del Maule solicitan renuncia de seremi de Desarrollo Social por grave denuncia de albergue \u00abfantasma\u00bb en Molina En forma transversal los parlamentarios representantes del distrito 17, denunciaron que el Ministerio abri\u00f3 un albergue sin condiciones m\u00ednimas de habitabilidad para personas en condici\u00f3n de calle. En [&hellip;]<\/p>\n","protected":false},"author":2,"featured_media":4534,"comment_status":"closed","ping_status":"closed","sticky":false,"template":"","format":"standard","meta":{"footnotes":""},"categories":[60],"tags":[],"class_list":["post-4533","post","type-post","status-publish","format-standard","has-post-thumbnail","hentry","category-politica"],"_links":{"self":[{"href":"https:\/\/radioprimiciapelluhue.cl\/index.php?rest_route=\/wp\/v2\/posts\/4533","targetHints":{"allow":["GET"]}}],"collection":[{"href":"https:\/\/radioprimiciapelluhue.cl\/index.php?rest_route=\/wp\/v2\/posts"}],"about":[{"href":"https:\/\/radioprimiciapelluhue.cl\/index.php?rest_route=\/wp\/v2\/types\/post"}],"author":[{"embeddable":true,"href":"https:\/\/radioprimiciapelluhue.cl\/index.php?rest_route=\/wp\/v2\/users\/2"}],"replies":[{"embeddable":true,"href":"https:\/\/radioprimiciapelluhue.cl\/index.php?rest_route=%2Fwp%2Fv2%2Fcomments&post=4533"}],"version-history":[{"count":1,"href":"https:\/\/radioprimiciapelluhue.cl\/index.php?rest_route=\/wp\/v2\/posts\/4533\/revisions"}],"predecessor-version":[{"id":4535,"href":"https:\/\/radioprimiciapelluhue.cl\/index.php?rest_route=\/wp\/v2\/posts\/4533\/revisions\/4535"}],"wp:featuredmedia":[{"embeddable":true,"href":"https:\/\/radioprimiciapelluhue.cl\/index.php?rest_route=\/wp\/v2\/media\/4534"}],"wp:attachment":[{"href":"https:\/\/radioprimiciapelluhue.cl\/index.php?rest_route=%2Fwp%2Fv2%2Fmedia&parent=4533"}],"wp:term":[{"taxonomy":"category","embeddable":true,"href":"https:\/\/radioprimiciapelluhue.cl\/index.php?rest_route=%2Fwp%2Fv2%2Fcategories&post=4533"},{"taxonomy":"post_tag","embeddable":true,"href":"https:\/\/radioprimiciapelluhue.cl\/index.php?rest_route=%2Fwp%2Fv2%2Ftags&post=4533"}],"curies":[{"name":"wp","href":"https:\/\/api.w.org\/{rel}","templated":true}]}}